{"id":1138,"date":"2020-07-18T16:30:26","date_gmt":"2020-07-18T16:30:26","guid":{"rendered":"https:\/\/satch.cl\/?p=1138"},"modified":"2020-07-18T16:30:26","modified_gmt":"2020-07-18T16:30:26","slug":"neblina-nocturna-de-interdram","status":"publish","type":"post","link":"https:\/\/devnow.cl\/satch\/2020\/07\/18\/neblina-nocturna-de-interdram\/","title":{"rendered":"NEBLINA NOCTURNA de INTERDRAM"},"content":{"rendered":"<div class=\"initial-letter\">\n<p>Una destacada labor es la que ha ido cimentando paso a paso la plataforma teatral INTERDRAM, con su l\u00ednea editorial centrada en los procesos de escritura teatral, donde ya ha concretado la realizaci\u00f3n de seis versiones del proyecto <em>Residencia D\u00ednamo<\/em>. Proyecto que cuenta con el apoyo del Fondart e Iberescena, y que su finalidad es seleccionar varios textos en proceso de escritura y\/o in\u00e9ditos, para luego con asesor\u00edas personalizadas, sesiones de trabajo y talleres, trabajar en conjunto con los autores y asesorados por gu\u00edas, perfeccionar dichos textos para concluir con un escrito definitivo y apto para la escena.<br>En esta sexta versi\u00f3n, en alianza con la editorial <em>Pez Espiral<\/em>, se propusieron publicar en formato libro virtual y papel los textos terminados y, dando inicio a esta nueva etapa, publicaron el texto \u201cNEBLINA NOCTURNA\u201d, de la autora <strong>Carolina Jara Montecinos<\/strong>.<\/p>\n\n\n\n<pre class=\"wp-block-code\"><code>Este es un libro que presenta una historia universal y arquet\u00edpica, que se encuentra inmersa como una pesadilla en todas las culturas que centraron su crecimiento en el individualismo como eje capital. En este texto y ahora libro, las palabras iniciales con que nos presenta la autora Carolina Jara su creaci\u00f3n, nos advierte que esta historia tiene reminiscencias b\u00edblicas y que lo que vamos a leer (y ver) es un v\u00eda cr\u00facis. Un v\u00eda cr\u00facis ambientado en una ciudad del sur de Chile, espec\u00edficamente en Concepci\u00f3n. Pero a diferencia del v\u00eda cr\u00facis b\u00edblico original, este va a ser un v\u00eda cr\u00facis voluntario, de motu propio.<\/code><\/pre>\n\n\n\n<p>El inicio del libro nos instala de lleno frente a un personaje complejo, a punto de explosionar por las circunstancias y aflicciones econ\u00f3micas, laborales y, principalmente, existenciales; que ha ido acumulando a trav\u00e9s de los a\u00f1os y de las proyecciones que se cre\u00f3 y no concretadas todav\u00eda. En palabras simples: es un mar de contradicciones, pero tambi\u00e9n, es la suma de muchos seres que circulan por las calles de las ciudades modernas, sin rumbo fijo ni metas claras.<\/p>\n\n\n\n<p>Es un ser que no tiene descanso ni respiro a los tormentos que padece, aunque dichos tormentos son producidos en su imaginaci\u00f3n y con claras proyecciones no resueltas, m\u00e1s que de la influencia del entorno en que se desenvuelve.<\/p>\n\n\n\n<p>Es, a todas luces, representante y s\u00edmbolo de una generaci\u00f3n ap\u00e1tica, desencantada con la existencia que llevan y el futuro opaco que les espera y, lo peor, que les ofrece el sistema. Pero tambi\u00e9n, por su misma caracter\u00edstica, son seres vomitivos que tampoco van a proponer alternativas de cambio o buscar sustitutos.<br>Porque con su apat\u00eda e inmovilidad terminan transform\u00e1ndose en borregos sometidos que no poseen el car\u00e1cter de cambiar el destino nefasto que describen.<br>Esta dramaturgia es fiel exponente de aquella corriente teatral conocida como <em>Dramaturgia Narcisista<\/em>, en donde el foco est\u00e1 centrado en un personaje ap\u00e1tico, desencantado y sin metas a cumplir; solo flota por aqu\u00ed y por all\u00e1 en diferentes escenas fragmentadas, arrastrando una estela transparente como un producto salido de un sistema individualista neoliberal.<br>El texto y la historia es un \u00e9xito de la autora <strong>Carolina Jara<\/strong> que logra capturar lo caracter\u00edstico del personaje y el ambiente en que dicho personaje puede expulsar su contaminado aire. Adem\u00e1s que en las secuencias demuestra una pluma \u00e1gil, sint\u00e9tica y esencial a lo planteado, sin distracciones.<\/p>\n\n\n\n<p>La plataforma teatral INTERDRAM, ha contribuido y enriquecido la escena nacional con textos que han poetizado las aflicciones de esta \u00e9poca convulsionada, en montajes cargados de s\u00edntesis, pulcritud esc\u00e9nica y actuaciones s\u00f3lidas, iniciada con los textos <em>ROCHA<\/em>, de <strong>Felipe Vera<\/strong> y <em>ALABAMA<\/em> de <strong>Bruce Gibbons<\/strong>. Y ahora coloca a disposici\u00f3n del p\u00fablico en general y estudiosos del arte esc\u00e9nico, el trabajo de <strong>Carolina Jara<\/strong>, NEBLINA NOCTURNA; en conjunto con la editorial <em>Pez Espiral<\/em>.<br>Sin ninguna duda el trabajo que viene impulsando INTERDRAM por desarrollar y perfeccionar los escritos de los autores nacionales, en una primera etapa; y ahora a nivel iberoamericano con autores seleccionados de otros pa\u00edses, contribuye a instalar la escritura teatral como el importante primer paso a los nuevos lenguajes que se est\u00e1n gestando y naciendo en las mentes de los dramaturgos. Y este libro consolida aquello que ya se inici\u00f3 hace largos seis a\u00f1os.<br>Este texto est\u00e1 inserto dentro de un cat\u00e1logo que tiene a disposici\u00f3n de todo aquel interesado en la dramaturgia joven, la plataforma a precios m\u00e1s que convenientes, tanto en formato digital como en papel.<\/p>\n\n\n\n<figure class=\"wp-block-image size-large\"><img decoding=\"async\" src=\"https:\/\/devnow.cl\/satch\/wp-content\/uploads\/2017\/11\/LogoWeb02.jpg\" alt=\"\" class=\"wp-image-147\"\/><figcaption>Equipo revista devnow.cl\/satch\/: <em>p\u00e1gina de teatro<\/em><\/figcaption><\/figure>\n\n\n\n<p><\/p>\n<\/div>","protected":false},"excerpt":{"rendered":"<p>Una destacada labor es la que ha ido cimentando paso a paso la plataforma teatral INTERDRAM, con su l\u00ednea editorial centrada en los procesos de escritura teatral, donde ya ha concretado la realizaci\u00f3n de seis versiones del proyecto Residencia D\u00ednamo. Proyecto que cuenta con el apoyo del Fondart e Iberescena, y que su finalidad es [&hellip;]<\/p>\n","protected":false},"author":1,"featured_media":1139,"comment_status":"closed","ping_status":"open","sticky":false,"template":"","format":"standard","meta":{"pagelayer_contact_templates":[],"_pagelayer_content":"","footnotes":""},"categories":[26,24],"tags":[],"class_list":["post-1138","post","type-post","status-publish","format-standard","has-post-thumbnail","hentry","category-biblioteca","category-libros"],"_links":{"self":[{"href":"https:\/\/devnow.cl\/satch\/wp-json\/wp\/v2\/posts\/1138","targetHints":{"allow":["GET"]}}],"collection":[{"href":"https:\/\/devnow.cl\/satch\/wp-json\/wp\/v2\/posts"}],"about":[{"href":"https:\/\/devnow.cl\/satch\/wp-json\/wp\/v2\/types\/post"}],"author":[{"embeddable":true,"href":"https:\/\/devnow.cl\/satch\/wp-json\/wp\/v2\/users\/1"}],"replies":[{"embeddable":true,"href":"https:\/\/devnow.cl\/satch\/wp-json\/wp\/v2\/comments?post=1138"}],"version-history":[{"count":0,"href":"https:\/\/devnow.cl\/satch\/wp-json\/wp\/v2\/posts\/1138\/revisions"}],"wp:featuredmedia":[{"embeddable":true,"href":"https:\/\/devnow.cl\/satch\/wp-json\/wp\/v2\/media\/1139"}],"wp:attachment":[{"href":"https:\/\/devnow.cl\/satch\/wp-json\/wp\/v2\/media?parent=1138"}],"wp:term":[{"taxonomy":"category","embeddable":true,"href":"https:\/\/devnow.cl\/satch\/wp-json\/wp\/v2\/categories?post=1138"},{"taxonomy":"post_tag","embeddable":true,"href":"https:\/\/devnow.cl\/satch\/wp-json\/wp\/v2\/tags?post=1138"}],"curies":[{"name":"wp","href":"https:\/\/api.w.org\/{rel}","templated":true}]}}