{"id":1162,"date":"2020-08-15T17:36:50","date_gmt":"2020-08-15T17:36:50","guid":{"rendered":"https:\/\/satch.cl\/?p=1162"},"modified":"2020-08-15T17:36:50","modified_gmt":"2020-08-15T17:36:50","slug":"intimidades-extraordinarias-conecta-teatro-danza-y-musica","status":"publish","type":"post","link":"https:\/\/devnow.cl\/satch\/2020\/08\/15\/intimidades-extraordinarias-conecta-teatro-danza-y-musica\/","title":{"rendered":"INTIMIDADES EXTRAORDINARIAS conecta teatro, danza y m\u00fasica"},"content":{"rendered":"<div class=\"initial-letter\">\n<p><em>\u00abIntimidades Extraordinarias\u00bb<\/em> es el nombre del primer festival de artes esc\u00e9nicas en l\u00ednea, que organiza el <em>Corredor Latinoamericano de Teatro<\/em> (CLT); plataforma internacional para el fomento y el intercambio permanente de diversas manifestaciones art\u00edsticas esc\u00e9nicas de Am\u00e9rica Latina y del mundo, a trav\u00e9s del dise\u00f1o, producci\u00f3n y ejecuci\u00f3n de distintos proyectos colaborativos.<\/p>\n\n\n\n<p>El encuentro virtual se efectuar\u00e1 del 3 al 6 de septiembre, a trav\u00e9s del sitio web del centro cultural chileno, <em>Matucana 100<\/em>, (<em>www.m100.cl<\/em>),y reunir\u00e1 a artistas de Argentina, Brasil, Chile, Cuba, El Salvador, M\u00e9xico, Panam\u00e1 y Espa\u00f1a, con espect\u00e1culos de teatro, danza y m\u00fasica, adem\u00e1s de talleres de formaci\u00f3n y conversatorios. Todas las actividades se llevar\u00e1n a cabo en formato on line.<\/p>\n\n\n\n<figure class=\"wp-block-image size-large is-resized\"><img loading=\"lazy\" decoding=\"async\" src=\"https:\/\/devnow.cl\/satch\/wp-content\/uploads\/2020\/08\/9BEEC5F5-28A2-4E89-8C87-BCAA4B507238-1024x1024.jpeg\" alt=\"\" class=\"wp-image-1164\" width=\"557\" height=\"557\" srcset=\"https:\/\/devnow.cl\/satch\/wp-content\/uploads\/2020\/08\/9BEEC5F5-28A2-4E89-8C87-BCAA4B507238-1024x1024.jpeg 1024w, https:\/\/devnow.cl\/satch\/wp-content\/uploads\/2020\/08\/9BEEC5F5-28A2-4E89-8C87-BCAA4B507238-300x300.jpeg 300w, https:\/\/devnow.cl\/satch\/wp-content\/uploads\/2020\/08\/9BEEC5F5-28A2-4E89-8C87-BCAA4B507238-150x150.jpeg 150w, https:\/\/devnow.cl\/satch\/wp-content\/uploads\/2020\/08\/9BEEC5F5-28A2-4E89-8C87-BCAA4B507238-768x768.jpeg 768w, https:\/\/devnow.cl\/satch\/wp-content\/uploads\/2020\/08\/9BEEC5F5-28A2-4E89-8C87-BCAA4B507238-420x420.jpeg 420w, https:\/\/devnow.cl\/satch\/wp-content\/uploads\/2020\/08\/9BEEC5F5-28A2-4E89-8C87-BCAA4B507238-640x640.jpeg 640w, https:\/\/devnow.cl\/satch\/wp-content\/uploads\/2020\/08\/9BEEC5F5-28A2-4E89-8C87-BCAA4B507238-681x681.jpeg 681w, https:\/\/devnow.cl\/satch\/wp-content\/uploads\/2020\/08\/9BEEC5F5-28A2-4E89-8C87-BCAA4B507238.jpeg 1080w\" sizes=\"auto, (max-width: 557px) 100vw, 557px\" \/><figcaption><em>Afiche del evento<\/em><\/figcaption><\/figure>\n\n\n\n<p><strong>Manuel Ort\u00edz<\/strong>, director y gestor chileno, fundador del CLT y co-director del Festival, radicado en Nueva York, explica que la idea nace de la articulaci\u00f3n del equipo de trabajo, cuyas intenciones comunes apuntan a contribuir en la activaci\u00f3n de la escena cultural, en medio de tiempos complejos para los artistas de la regi\u00f3n.<\/p>\n\n\n\n<p><em>\u00abDecidimos escuchar, poner atenci\u00f3n a esa necesidad de muchos de encontrarse. Mientras las salas no se abran, sabemos que el teatro sigue vivo y aunque el edificio teatro este cerrado, otros escenarios se han abierto en nuestras casas, y ah\u00ed, en privado pero siempre frente al p\u00fablico, los teatristas latinos comparten sus intimidades extraordinarias y nosotros decidimos crear este festival para compartirlas\u00bb,<\/em> explica <strong>Ort\u00edz<\/strong>.<\/p>\n\n\n\n<p>En tanto, <strong>Francesca Ceccotti<\/strong>, productora de artes esc\u00e9nicas del CLT y tambi\u00e9n co- directora del Festival <em>\u00abIntimidades Extraordinarias\u00bb<\/em>, describe esta experiencia como: <em>\u00abun sue\u00f1o entre la noche y el d\u00eda\u00bb<\/em>, argumentando que esta instancia busca <em>\u00abgenerar un espacio amable de encuentro, volver a tejer nuestra red de amores, juntar, anudar y volver a estrechar cercan\u00edas en un lugar suspendido como el virtual, pero al fin y al cabo \u00ablugar\u00bb.<\/em><\/p>\n\n\n\n<p><strong>Programaci\u00f3n Internacional y Multidisciplinaria<\/strong><\/p>\n\n\n\n<p><em>\u00abHemos dise\u00f1ado una programaci\u00f3n que apunta principalmente a experiencias en vivo, permiti\u00e9ndonos la apertura para visitar otro tipo de formatos, buscando compartir un peque\u00f1o panorama de las experiencias teatrales m\u00e1s interesantes que se est\u00e1n dando en las pantallas latinas\u00bb,<\/em> comenta <strong>Manuel Ort\u00edz<\/strong>, a la hora de referirse al esp\u00edritu de la programaci\u00f3n de esta primera edici\u00f3n del festival. A lo cual, <strong>Francesca Ceccotti<\/strong> suma: \u00ab<em>esta idea que construimos con Manuel, y que sacamos adelante con el equipo del CLT, es como nuestra isla feliz y la queremos compartir\u00bb.<\/em><\/p>\n\n\n\n<p>Desde otra perspectiva, <strong>Marcelo Allasino<\/strong> director de la obra argentina, <em>\u00abLa Tortuga\u00bb<\/em>, que forma parte de la programaci\u00f3n de <em>\u00abIntimidades Extraordinarias\u00bb<\/em>, reflexion\u00f3 sobre el valor de un encuentro como este en la virtualidad: <em>\u00abLa creaci\u00f3n y el arte son formas de estar en el tiempo, as\u00ed que compartir ese tiempo a trav\u00e9s de la virtualidad de las pantallas, con nuestra propuesta en vivo, es un hecho absolutamente conmovedor en este contexto de imposibilidad de encuentro social, as\u00ed que con\u00bb La Tortuga\u00bb estamos muy felices de participar en este festival\u00bb<\/em>, concluy\u00f3.<\/p>\n\n\n\n<p><strong>Los espect\u00e1culos que dar\u00e1n vida a<\/strong> <em>\u00abIntimidades Extraordinarias\u00bb<\/em> <strong>son<\/strong>:<\/p>\n\n\n\n<p>Viernes 4 de septiembre:<\/p>\n\n\n\n<p>Obra de Teatro<br>\u00abLA TORTUGA\u00bb (Argentina), de Marcelo Allasino.<br>21:00 \u2013 22:00<br>Valor $2.000 $4.000 y $6.000 PAGA LO QUE PUEDA<\/p>\n\n\n\n<p><em>Una mujer de m\u00e1s de cincuenta a\u00f1os acaba de ser operada de un tumor en la matriz. En su recuperaci\u00f3n descubre las posibilidades que le ofrecen internet y las redes sociales, y planifica una videollamada con su mejor amiga de la adolescencia, a quien no ve desde entonces, y que vive en el exterior. El viaje de egresados a Bariloche, Flashdance, un embarazo no deseado y la muerte del amor que no fue, le abrir\u00e1n la puerta a un pasado que &#8211; a fuerza de no haber sido superado &#8211; insiste en hacerse presente.<\/em><\/p>\n\n\n\n<p>S\u00e1bado 5 de septiembre:<\/p>\n\n\n\n<p>Obras de danza<br>EL DERECHO A LA TERNURA (El Salvador)<br>FORMAS DE ESTAR SIENDO (Chile)<br>Valor \u00fanico $4.000 PARA VER AMBAS OBRAS<\/p>\n\n\n\n<p>EL DERECHO A LA TERNURA (El Salvador), de Roberto Cardona.<br>17:00 \u2013 17:20<br><em>Mi nombre es Roberto y para esta historia pudiera nombrarme Carlos, Armando, Guillermo o Alejandro, como los ni\u00f1os de mi tiempo. Nac\u00ed en 1990, al final de la guerra civil de mi pa\u00eds y quiero compartir cuatro momentos que marcaron mi infancia, como cuatro puntos cardinales que orientaron mi vida. Hoy por hoy, ser\u00e1 recreada sobre t\u00e9cnicas multidisciplinarias, donde palabra, cuerpo y espacio dialoguen con el lenguaje audiovisual y virtual para construir met\u00e1foras sobre el amor y el cari\u00f1o entre los hombres de mi tiempo.<\/em><\/p>\n\n\n\n<p>FORMAS DE ESTAR SIENDO (Chile), de Pablo Zamorano.<br>17:30- 18:00<br><em>\u00bfQu\u00e9 tipo de movimientos constituyen un determinado c\u00f3digo de danza? \u00bfEs la danza un lenguaje? \u00bfQu\u00e9 diferencias\/similitudes\/paralelismos pueden o no existir entre mover y hablar?,\u00bfQu\u00e9 modalidad del pensamiento es la danza?<\/em><\/p>\n\n\n\n<p>Obra de Teatro<br>\u00abCACHORRO DE LE\u00d3N (CASI TODO SOBRE MI PADRE)\u00bb (M\u00e9xico) de Conchi Le\u00f3n.<br>21:00 \u2013 22:00<br>Valor $2.000 $4.000 y $6.000 PAGA LO QUE PUEDA<br><em>Cachorro de Le\u00f3n\u00bb es un mon\u00f3logo que escrib\u00ed desde la mirada de una ni\u00f1a de cuatro a\u00f1os que no entiende por qu\u00e9 en su casa las cosas siempre acaban en lugares opuestos: \u00abLa limonada en el piso, la televisi\u00f3n a la calle, los santos y las veladoras en cualquier lugar; incluso en nuestra cabeza o en la de mam\u00e1. Aunque hay que decir que a nosotras nunca nos golpe\u00f3, \u00e9l siempre iba por mam\u00e1, pero de alguna manera, cada vez que asentaba su pu\u00f1o sobre ella, \u00e9ste hac\u00eda un eco muy fuerte dentro de nosotras<\/em><\/p>\n\n\n\n<p>Domingo 6 de septiembre<\/p>\n\n\n\n<p>Obra de Teatro familiar<br>RADIO LUCILA: TRAS LA HUELLA DE GABRIELA MISTRAL (Chile), de Teatro de Ocasi\u00f3n.<br>16:00 \u2013 16:40<br>Valor $2.000 $4.000 y $6.000 PAGA LO QUE PUEDA<br><em>Dos admiradores tras la huella de Gabriela, esperan encontrarla para acompa\u00f1ar sus pasos y recorrer sus caminos. Con m\u00fasica, juego y poes\u00eda dar\u00e1n vida a su tr\u00e1nsito por el mundo, para descubrir y compartir el sorprendente universo interno de esta inabarcable y trascendente mujer.<br>Gabriela vuela\u2026Mistral es un viento.<\/em><\/p>\n\n\n\n<p>Obra de Teatro<br>\u00abLA COMPA\u00d1ERA\u00bb (Chile), de Carla Romero (Trabajo en proceso).<br>19:00 \u2013 20:00<br>Valor $2.000 $4.000 y $6.000 PAGA LO QUE PUEDA<br><em>Dos ni\u00f1as deben disertar en la escuela sobre un h\u00e9roe de la patria. Una de ellas decide hacerlo sobre su madre: Cecilia Magni, la Comandante Tamara, militante del Frente Patri\u00f3tico Manuel Rodr\u00edguez. Lo familiar y lo \u00edntimo se mezcla con la historia oficial. \u00bfQu\u00e9 hacer con lo personal? \u00bfQu\u00e9 historia queremos escuchar? \u00bfQui\u00e9n es el otro? Est\u00e1 por sonar la campana y el tiempo se acaba para alcanzar el ideal.<\/em><\/p>\n\n\n\n<p>M\u00fasica\/Teatro<br>L\u00c1GRIMAS, CELOS Y DUDAS (Chile), de Marcela Salinas, Manuela Oyarz\u00fan y Mar\u00eda Paz Grandjean.<br>21:00 \u2013 22:00<br>Valor $2.000 $4.000 y $6.000 PAGA LO QUE PUEDA<br><em>L\u00e1grimas Celos y Dudas se presentar\u00e1 en tu pantalla tele comunicante en un concierto \u00edntimo, sencillo y breve y de gran intensidad melodram\u00e1tica consangu\u00ednea pol\u00edtica y sentimental actual. El concierto de L\u00e1grimas, Celos y Dudas sabr\u00e1 envolverte con sus temas cl\u00e1sicos de siempre y tambi\u00e9n con sorpresas sonoras emocionales destellantes re creadas por el gran Maestro Marcello M\u00fasica Mart\u00ednez. L\u00e1grimas, Celos y Dudas sorprender\u00e1 al compartir con la audiencia teleconectada sus experiencias de confinamiento y sus aprendizajes psicodram\u00e1ticos sociof\u00edsicos medioambientales de esta nueva era, la era color morada y pa\u00f1oleta verde.<br><\/em>Rese\u00f1a Curricular: La agrupaci\u00f3n se conforma en el a\u00f1o 2008 . L\u00e1grimas, es interpretada por Marcela Salinas; Celos por Manuela Oyarz\u00fan y Dudas por Mar\u00eda Paz Grandjean. Estos tres personajes ficcionan y encarnan tres grandes divas de la canci\u00f3n rom\u00e1ntica de la \u00e9poca de Latinoam\u00e9rica. L\u00e1grimas, Celos y Dudas se instala hoy como una de las performances musicales teatrales m\u00e1s atractivas en materia de espect\u00e1culos en nuestro medio.<\/p>\n\n\n\n<p><strong>Espacios de formaci\u00f3n y di\u00e1logo: conversatorios y talleres<\/strong><\/p>\n\n\n\n<p>Los conversatorios que se llevar\u00e1n a cabo son:<\/p>\n\n\n\n<p>Jueves 3 de septiembre<br>POSTALES DEL ENCIERRO<br>17:00 \u2013 18:00 hrs<br><em>Actividad gratuita, formulario de inscripci\u00f3n en sitio web M100.cl<br>Cuatro dise\u00f1adores teatrales se re\u00fanen a conversar e intercambiar pr\u00e1cticas y experiencias de creaci\u00f3n en el contexto de esta pandemia; enfrentando las preguntas claves y desaf\u00edos que surgen de este momento. \u00bfC\u00f3mo se construye la visualidad desde el encierro? \u00bfPuesta en escena o Puesta en pantalla? \u00bfCu\u00e1les son los imaginarios de esta era de peste y revoluci\u00f3n?<br><\/em>Invitades: <strong>Los Contadores Auditores<\/strong> (Chile), <strong>Cristiano DIniz<\/strong> (Brasil), <strong>Ana Campusano<\/strong> (Chile), <strong>Consuelo Barrera<\/strong> (Chile-Espa\u00f1a).<\/p>\n\n\n\n<p>Viernes 4 de septiembre<br>\u00bfC\u00d3MO CRUZAR LAS FRONTERAS SIN SALIR DE CASA?<br>16:00 \u2013 17:00 hrs<br>Actividad gratuita, formulario de inscripci\u00f3n en sitio web M100.cl<\/p>\n\n\n\n<p><em>Los festivales son uno de los espacios m\u00e1s relevantes de circulaci\u00f3n del arte esc\u00e9nico donde se encuentran anualmente decenas de miles de artistas entre s\u00ed y con el p\u00fablico, por lo mismo en este contexto de cuarentena los festivales se han visto en la obligaci\u00f3n de replantearse. \u00bfC\u00f3mo ponemos en circulaci\u00f3n el arte esc\u00e9nico en medio de una pandemia? \u00bfQu\u00e9 fronteras se han abierto en este encierro? \u00bfC\u00f3mo funcionar\u00e1n los festivales cuando podamos salir de casa? Son algunas de las preguntas que pondremos sobre la mesa en esta conversaci\u00f3n con 4 festivales internacionales.<br><\/em>Invitades: <strong>William Ruiz<\/strong> (Cuba\/USA), <strong>Mauro Molina<\/strong> (Argentina\/Espa\u00f1a), <strong>Ximena Eleta de Sierra<\/strong> (Panam\u00e1), <strong>Hugo Navarro<\/strong> (Chile).<\/p>\n\n\n\n<p>Los conversatorios son gratuitosy el formulario de inscripci\u00f3n estar\u00e1 disponible en www.m100.cl.<\/p>\n\n\n\n<p>Los talleres que ofrecer\u00e1n son <em>\u00abHabitaci\u00f3n Abierta. Dramaturgias de la escucha\u00bb,<\/em> a cargo de la teatr\u00f3loga y dramaturgista, <strong>Yohayna Hern\u00e1ndez<\/strong> (Cuba) y <em>\u00abTopoficciones\u00bb<\/em>, una invitaci\u00f3n a pensar el paisaje como un teatro,con el director de escena <strong>Aristeo Mora<\/strong> (M\u00e9xico).<\/p>\n\n\n\n<p>La descripci\u00f3n detallada de cada uno de los talleres y el formulario de inscripci\u00f3n ya est\u00e1n disponibles en sitio web del CLT<br>https:\/\/www.corredorlatinoamericanodeteatro.com\/intimidadesextraordinariastalleres<br>Cada taller tiene un valor $5.000 (peso chileno).<\/p>\n\n\n\n<figure class=\"wp-block-image size-large is-resized\"><img loading=\"lazy\" decoding=\"async\" src=\"https:\/\/devnow.cl\/satch\/wp-content\/uploads\/2020\/04\/log-revista-alfa-1024x248.png\" alt=\"\" class=\"wp-image-955\" width=\"149\" height=\"36\"\/><\/figure>\n\n\n\n<p><\/p>\n<\/div>","protected":false},"excerpt":{"rendered":"<p>\u00abIntimidades Extraordinarias\u00bb es el nombre del primer festival de artes esc\u00e9nicas en l\u00ednea, que organiza el Corredor Latinoamericano de Teatro (CLT); plataforma internacional para el fomento y el intercambio permanente de diversas manifestaciones art\u00edsticas esc\u00e9nicas de Am\u00e9rica Latina y del mundo, a trav\u00e9s del dise\u00f1o, producci\u00f3n y ejecuci\u00f3n de distintos proyectos colaborativos. El encuentro virtual [&hellip;]<\/p>\n","protected":false},"author":1,"featured_media":1163,"comment_status":"closed","ping_status":"open","sticky":false,"template":"","format":"standard","meta":{"pagelayer_contact_templates":[],"_pagelayer_content":"","footnotes":""},"categories":[26,19],"tags":[],"class_list":["post-1162","post","type-post","status-publish","format-standard","has-post-thumbnail","hentry","category-biblioteca","category-noticias"],"_links":{"self":[{"href":"https:\/\/devnow.cl\/satch\/wp-json\/wp\/v2\/posts\/1162","targetHints":{"allow":["GET"]}}],"collection":[{"href":"https:\/\/devnow.cl\/satch\/wp-json\/wp\/v2\/posts"}],"about":[{"href":"https:\/\/devnow.cl\/satch\/wp-json\/wp\/v2\/types\/post"}],"author":[{"embeddable":true,"href":"https:\/\/devnow.cl\/satch\/wp-json\/wp\/v2\/users\/1"}],"replies":[{"embeddable":true,"href":"https:\/\/devnow.cl\/satch\/wp-json\/wp\/v2\/comments?post=1162"}],"version-history":[{"count":0,"href":"https:\/\/devnow.cl\/satch\/wp-json\/wp\/v2\/posts\/1162\/revisions"}],"wp:featuredmedia":[{"embeddable":true,"href":"https:\/\/devnow.cl\/satch\/wp-json\/wp\/v2\/media\/1163"}],"wp:attachment":[{"href":"https:\/\/devnow.cl\/satch\/wp-json\/wp\/v2\/media?parent=1162"}],"wp:term":[{"taxonomy":"category","embeddable":true,"href":"https:\/\/devnow.cl\/satch\/wp-json\/wp\/v2\/categories?post=1162"},{"taxonomy":"post_tag","embeddable":true,"href":"https:\/\/devnow.cl\/satch\/wp-json\/wp\/v2\/tags?post=1162"}],"curies":[{"name":"wp","href":"https:\/\/api.w.org\/{rel}","templated":true}]}}