{"id":3994,"date":"2025-11-05T19:20:13","date_gmt":"2025-11-05T19:20:13","guid":{"rendered":"https:\/\/satch.cl\/?p=3994"},"modified":"2025-12-07T12:27:53","modified_gmt":"2025-12-07T12:27:53","slug":"teatro-la-retorcida-reflexiona-en-torno-a-los-discursos-de-odio","status":"publish","type":"post","link":"https:\/\/devnow.cl\/satch\/2025\/11\/05\/teatro-la-retorcida-reflexiona-en-torno-a-los-discursos-de-odio\/","title":{"rendered":"TEATRO LA RETORCIDA REFLEXIONA EN TORNO A LOS DISCURSOS DE ODIO"},"content":{"rendered":"<div class=\"initial-letter\"><p><span style=\"font-weight: 400;\">La compa\u00f1\u00eda <\/span><i><span style=\"font-weight: 400;\">\u201cTeatro Laretorcida\u201d<\/span><\/i> <span style=\"font-weight: 400;\">vuelve a la cartelera teatral con su segundo montaje: <\/span><i><span style=\"font-weight: 400;\">\u201cC\u00f3mo Engendrar un Crimen de Odio\u201d<\/span><\/i><span style=\"font-weight: 400;\">. Una propuesta esc\u00e9nica transdisciplinar financiada por el Fondo Nacional de Fomento y Desarrollo de las Artes Esc\u00e9nicas, convocatoria 2025, que por medio de recursos po\u00e9ticos, pone en escena el reflejo de una sociedad cada vez m\u00e1s delirante, rememorando el estallido social desde una mirada disidente, para reflexionar en torno a los discursos de odio.<\/span><\/p>\n<p>&nbsp;<\/p>\n<p><i><span style=\"font-weight: 400;\">\u00abC\u00f3mo engendrar un crimen de odio\u00bb<\/span><\/i><span style=\"font-weight: 400;\">, es un montaje que rememora el estallido social desde una mirada disidente con la consigna viva de un <\/span><i><span style=\"font-weight: 400;\">\u201cChile despert\u00f3\u201d<\/span><\/i><span style=\"font-weight: 400;\">. Per\u00edodo en que tambi\u00e9n se puso en tela de juicio a la disidencia sexual producto de la lucha por soluciones sociales, educacionales y de salud p\u00fablica para promover la igualdad en todo aspecto. El montaje recrea este contexto para evidenciar la violencia y reflexiones en torno a los discursos de odio hacia la comunidad disidente sexual. Se adentra en la mentalidad obsesiva de Ad\u00e1n, un hombre que sufre de insomnio debido a la bulla desmedida de su vecino en medio del caos de una revuelta social en las calles de Santiago y quien desarrolla una fijaci\u00f3n enfermiza hacia \u00e9l al darse cuenta que viste zapatos de taco, decidiendo planear un asesinato en su contra.\u00a0<\/span><\/p>\n<p>&nbsp;<\/p>\n<p><i><span style=\"font-weight: 400;\">Teatro Laretorcida<\/span><\/i><span style=\"font-weight: 400;\"> trae el tap a la escena teatral para dar vida a una historia cargada de sarcasmos, delirios y pasajes on\u00edricos que recrean las visiones obsesivas de <\/span><i><span style=\"font-weight: 400;\">Ad\u00e1n<\/span><\/i><span style=\"font-weight: 400;\"> y que ponen en conflicto su propio constructo social de g\u00e9nero, lo que da origen a sus pulsiones.<\/span><\/p>\n<p>&nbsp;<\/p>\n<p><i><span style=\"font-weight: 400;\">\u201cEs una invitaci\u00f3n a mirarnos a nosotros mismos como sociedad y observar lo que estamos construyendo. Una ficci\u00f3n que nace de una realidad que a\u00fan podemos palpar,\u00a0 a pesar de que hace algunos a\u00f1os pensamos que todo cambiar\u00eda o por lo menos mejorar\u00eda. Frente a esto nos hicimos la pregunta: \u00bfChile despert\u00f3 realmente o solo fue un autoenga\u00f1o colectivo?\u201d<\/span><\/i><span style=\"font-weight: 400;\">&#8211; describe su director y productor.<\/span><\/p>\n<p>&nbsp;<\/p>\n<p><span style=\"font-weight: 400;\">UN VIAJE TRANSDISCIPLINAR<\/span><\/p>\n<p><span style=\"font-weight: 400;\">La transdisciplinariedad es el coraz\u00f3n de esta propuesta art\u00edstica. La fusi\u00f3n del teatro tradicional con una rama art\u00edstica proveniente de la danza,\u00a0 poco explorada en nuestro pa\u00eds, crea un lenguaje esc\u00e9nico \u00fanico y cautivador donde la met\u00e1fora y la visualidad cobran vida para enriquecer la narrativa. Esta obra invita a reflexionar sobre nuestro propio contexto actual, marcado por debates sobre g\u00e9nero y disidencia.<\/span><\/p>\n<p>&nbsp;<\/p>\n<p><span style=\"font-weight: 400;\">FICHA ART\u00cdSTICA:<\/span><\/p>\n<p><b><i>Direcci\u00f3n: <\/i><\/b><i><span style=\"font-weight: 400;\">Marco Reyes. \/ <\/span><\/i><b><i>Producci\u00f3n:<\/i><\/b><i><span style=\"font-weight: 400;\"> Marco Reyes. \/ <\/span><\/i><b><i>Int\u00e9rpretes: <\/i><\/b><i><span style=\"font-weight: 400;\">Benjam\u00edn Andr\u00e9s. Ang\u00e9lica Reyes \/ <\/span><\/i><b><i>Dise\u00f1o integral e iluminaci\u00f3n: <\/i><\/b><i><span style=\"font-weight: 400;\">Tob\u00edas D\u00edaz. \/ <\/span><\/i><b><i>Realizaci\u00f3n esc\u00e9nica:<\/i><\/b><i><span style=\"font-weight: 400;\"> Jos\u00e9 Rojo \/ <\/span><\/i><b><i>Realizaci\u00f3n de vestuario:<\/i><\/b><i><span style=\"font-weight: 400;\"> Melanie Stuardo \/\u00a0 <\/span><\/i><b><i>Dise\u00f1o Sonoro: <\/i><\/b><i><span style=\"font-weight: 400;\">Daniel Lastra.\u00a0<\/span><\/i><\/p>\n<p><b>Estreno:<\/b><span style=\"font-weight: 400;\"> 21 al 23 y 27 al 30 de Noviembre a las 20 hrs. <\/span><b>Lugar:<\/b><span style=\"font-weight: 400;\"> Sala Club de Teatro (Chucre Manzur 10, Providencia) <\/span><b>Duraci\u00f3n:<\/b><span style=\"font-weight: 400;\"> 50 min. <\/span><b>P\u00fablico:<\/b><span style=\"font-weight: 400;\"> + 14<\/span><\/p>\n<p><b>Entradas:<\/b><span style=\"font-weight: 400;\"> $6.000 (General), $5.000 (estudiantes, 3era edad y trabajadores de las artes)<\/span><\/p>\n<p><span style=\"font-weight: 400;\">Compra de entradas:<\/span><\/p>\n<p><a href=\"https:\/\/ticketplus.cl\/events\/como-engendrar-un-crimen-de-odio\"><b>https:\/\/ticketplus.cl\/events\/como-engendrar-un-crimen-de-odio<\/b><\/a><\/p>\n<p><img loading=\"lazy\" decoding=\"async\" class=\"alignnone size-medium wp-image-3738\" src=\"https:\/\/devnow.cl\/satch\/wp-content\/uploads\/2025\/05\/Diseno-sin-titulo_20250527_131411_0000-300x169.jpg\" alt=\"\" width=\"300\" height=\"169\" \/><\/p>\n<\/div>","protected":false},"excerpt":{"rendered":"<p>La compa\u00f1\u00eda \u201cTeatro Laretorcida\u201d vuelve a la cartelera teatral con su segundo montaje: \u201cC\u00f3mo Engendrar un Crimen de Odio\u201d. Una propuesta esc\u00e9nica transdisciplinar financiada por el Fondo Nacional de Fomento y Desarrollo de las Artes Esc\u00e9nicas, convocatoria 2025, que por medio de recursos po\u00e9ticos, pone en escena el reflejo de una sociedad cada vez m\u00e1s [&hellip;]<\/p>\n","protected":false},"author":1,"featured_media":3995,"comment_status":"closed","ping_status":"closed","sticky":false,"template":"","format":"standard","meta":{"pagelayer_contact_templates":[],"_pagelayer_content":"","footnotes":""},"categories":[26,19],"tags":[],"class_list":["post-3994","post","type-post","status-publish","format-standard","has-post-thumbnail","hentry","category-biblioteca","category-noticias"],"_links":{"self":[{"href":"https:\/\/devnow.cl\/satch\/wp-json\/wp\/v2\/posts\/3994","targetHints":{"allow":["GET"]}}],"collection":[{"href":"https:\/\/devnow.cl\/satch\/wp-json\/wp\/v2\/posts"}],"about":[{"href":"https:\/\/devnow.cl\/satch\/wp-json\/wp\/v2\/types\/post"}],"author":[{"embeddable":true,"href":"https:\/\/devnow.cl\/satch\/wp-json\/wp\/v2\/users\/1"}],"replies":[{"embeddable":true,"href":"https:\/\/devnow.cl\/satch\/wp-json\/wp\/v2\/comments?post=3994"}],"version-history":[{"count":1,"href":"https:\/\/devnow.cl\/satch\/wp-json\/wp\/v2\/posts\/3994\/revisions"}],"predecessor-version":[{"id":4133,"href":"https:\/\/devnow.cl\/satch\/wp-json\/wp\/v2\/posts\/3994\/revisions\/4133"}],"wp:featuredmedia":[{"embeddable":true,"href":"https:\/\/devnow.cl\/satch\/wp-json\/wp\/v2\/media\/3995"}],"wp:attachment":[{"href":"https:\/\/devnow.cl\/satch\/wp-json\/wp\/v2\/media?parent=3994"}],"wp:term":[{"taxonomy":"category","embeddable":true,"href":"https:\/\/devnow.cl\/satch\/wp-json\/wp\/v2\/categories?post=3994"},{"taxonomy":"post_tag","embeddable":true,"href":"https:\/\/devnow.cl\/satch\/wp-json\/wp\/v2\/tags?post=3994"}],"curies":[{"name":"wp","href":"https:\/\/api.w.org\/{rel}","templated":true}]}}