{"id":4009,"date":"2025-11-07T15:14:04","date_gmt":"2025-11-07T15:14:04","guid":{"rendered":"https:\/\/satch.cl\/?p=4009"},"modified":"2025-12-07T12:27:53","modified_gmt":"2025-12-07T12:27:53","slug":"comienza-festival-avanti-de-artes-juveniles-mas-grande-de-chile","status":"publish","type":"post","link":"https:\/\/devnow.cl\/satch\/2025\/11\/07\/comienza-festival-avanti-de-artes-juveniles-mas-grande-de-chile\/","title":{"rendered":"COMIENZA FESTIVAL AVANTI DE ARTES JUVENILES M\u00c1S GRANDE DE CHILE"},"content":{"rendered":"<div class=\"initial-letter\"><p><span style=\"font-weight: 400;\">Consolid\u00e1ndose como un punto de encuentro \u00fanico entre el arte, la educaci\u00f3n, la creatividad y la participaci\u00f3n cultural, el reconocido <\/span><i><span style=\"font-weight: 400;\">Festival Interescolar de Artes Juveniles Avanti<\/span><\/i><span style=\"font-weight: 400;\">, celebra su primera d\u00e9cada de trayectoria <\/span><i><span style=\"font-weight: 400;\">GRATIS<\/span><\/i><span style=\"font-weight: 400;\"> entre el 10 y 15 de noviembre en <\/span><i><span style=\"font-weight: 400;\">GAM y CEINA<\/span><\/i><span style=\"font-weight: 400;\">, con un\u00a0 total de 85 trabajos art\u00edsticos, distribuidos en 40 proyectos de artes visuales, 16 de teatro, 14 de danza, ocho de literatura y siete presentaciones musicales.<\/span><\/p>\n<p><span style=\"font-weight: 400;\">Organizado por la <\/span><i><span style=\"font-weight: 400;\">Fundaci\u00f3n Esc\u00e9nica Avanti<\/span><\/i><span style=\"font-weight: 400;\"> con el financiamiento del Fondo Nacional de Fomento y Desarrollo de las Artes Esc\u00e9nicas, Convocatoria 2025, del Ministerio de las Culturas, las Artes y el Patrimonio; el certamen reunir\u00e1 a creativos estudiantes \u2014de entre 13 y 18 a\u00f1os\u2014 provenientes de <\/span><i><span style=\"font-weight: 400;\">Calama, Valpara\u00edso, Los Andes, Vi\u00f1a del Mar, San Antonio, Rancagua, Graneros, Do\u00f1ihue, Linares, Los \u00c1ngeles, Pur\u00e9n <\/span><\/i><span style=\"font-weight: 400;\">y varias comunas de la <\/span><i><span style=\"font-weight: 400;\">Regi\u00f3n Metropolitana<\/span><\/i><span style=\"font-weight: 400;\">.<\/span><\/p>\n<p>&nbsp;<\/p>\n<p><span style=\"font-weight: 400;\">Con la presentaci\u00f3n del grupo de baile del <\/span><i><span style=\"font-weight: 400;\">Liceo Maximiliano Salas March\u00e1n<\/span><\/i><span style=\"font-weight: 400;\"> de Los Andes; este lunes 10 de noviembre a las 10.30 h en GAM, se realizar\u00e1 la inauguraci\u00f3n de la 10\u00b0 edici\u00f3n del <\/span><i><span style=\"font-weight: 400;\">Festival Interescolar\u00a0 de Artes Juveniles Avanti<\/span><\/i><span style=\"font-weight: 400;\">, el certamen art\u00edstico estudiantil m\u00e1s grande de Chile, organizado por la <\/span><i><span style=\"font-weight: 400;\">Fundaci\u00f3n Esc\u00e9nica Avanti<\/span><\/i><span style=\"font-weight: 400;\"> con financiamiento del Fondo Nacional de Fomento y Desarrollo de las Artes Esc\u00e9nicas, Convocatoria 2025, del Ministerio de las Culturas, las Artes y el Patrimonio, adem\u00e1s del apoyo de <\/span><i><span style=\"font-weight: 400;\">UNESCO, GAM, CEINA, Ariete Producciones<\/span><\/i><span style=\"font-weight: 400;\">, y los <\/span><i><span style=\"font-weight: 400;\">Centros Culturales de Lampa, Talagante, Paine, Puente Alto, Melipilla y Espacio Matta (La Granja).\u00a0<\/span><\/i><\/p>\n<p>&nbsp;<\/p>\n<p><i><span style=\"font-weight: 400;\">\u00abEste 2025 celebramos sus 10 a\u00f1os de historia, consolid\u00e1ndose como un espacio esencial para el desarrollo de la creatividad y la educaci\u00f3n art\u00edstica juvenil. Durante seis d\u00edas el festival convocar\u00e1 estudiantes, docentes, artistas educadores y p\u00fablico general en una experiencia que busca escuchar, amplificar y celebrar la voz de las y los j\u00f3venes creadores. Sus ideas, emociones y miradas del mundo. En Avanti ellos y ellas son los verdaderos protagonistas de la escena\u00bb,<\/span><\/i><span style=\"font-weight: 400;\"> dice <\/span><b>Luz Mar\u00eda Eynaudi<\/b><span style=\"font-weight: 400;\">, directora del <\/span><i><span style=\"font-weight: 400;\">Festival Interescolar de Artes Juveniles AVANTI.<\/span><\/i><\/p>\n<p>&nbsp;<\/p>\n<p><span style=\"font-weight: 400;\">Un total de 85 trabajos art\u00edsticos, distribuidos en 40 proyectos de artes visuales, 16 de teatro, 14 de danza, ocho de literatura y siete presentaciones musicales de j\u00f3venes estudiantes provenientes de <\/span><i><span style=\"font-weight: 400;\">Calama, Valpara\u00edso, Los Andes, Vi\u00f1a del Mar, San Antonio, Rancagua, Graneros, Do\u00f1ihue, Linares, Los \u00c1ngeles, Pur\u00e9n, Puente Alto, Talagante, Melipilla, Maip\u00fa, Santiago, La Florida, Quinta Normal, \u00d1u\u00f1oa, La Reina, Lo Espejo, Quilicura, Isla de Maipo, Colina, Lampa, Independencia, El Bosque, Las Condes, Estaci\u00f3n Central, Pe\u00f1alol\u00e9n y Curacav\u00ed.<\/span><\/i><span style=\"font-weight: 400;\"> A ello se suman conversatorios, un seminario de educaci\u00f3n art\u00edstica bajo el lema <\/span><i><span style=\"font-weight: 400;\">Acciones<\/span><\/i><span style=\"font-weight: 400;\"> que construyen presente \u2013que es un llamado a reflexionar sobre el poder transformador del arte en la comunidad educativa\u2013 y un gran cierre pensado para celebrar a los participantes de esta edici\u00f3n, con el concierto de la cantante urbana nacional, <\/span><i><span style=\"font-weight: 400;\">Esteza<\/span><\/i><span style=\"font-weight: 400;\">, en el Aula Magna de <\/span><i><span style=\"font-weight: 400;\">CEINA<\/span><\/i><span style=\"font-weight: 400;\">, el s\u00e1bado 15 de noviembre al finalizar las presentaciones de la jornada.<\/span><\/p>\n<p>&nbsp;<\/p>\n<p><i><span style=\"font-weight: 400;\">\u00abAvanti naci\u00f3 en el a\u00f1o 2016 y, a la fecha, se ha consolidado como un festival de referencia nacional que a\u00f1o a a\u00f1o ampl\u00eda su alcance en n\u00famero de participantes y su foco en la pertinencia territorial. En sus diferentes versiones el festival ha reunido a m\u00e1s de 4500 participantes de entre 13 y 18 a\u00f1os, ha visibilizado m\u00e1s de 500 proyectos creativos, ha sumado nuevos espacios asociados en diversas provincias de la Regi\u00f3n Metropolitana; con ello ha fortalecido su presencia territorial, su red de colaboraci\u00f3n y su compromiso con el fomento de la participaci\u00f3n cultural juvenil\u00bb, <\/span><\/i><span style=\"font-weight: 400;\">agrega.<\/span><\/p>\n<p>&nbsp;<\/p>\n<p><span style=\"font-weight: 400;\">A lo largo de su trayectoria, m\u00e1s de 15 mil personas han asistido como p\u00fablico al evento que recientemente se ha adjudicado un fondo de festivales y comunidades educativas lo que asegura su continuidad para 2026.<\/span><i><span style=\"font-weight: 400;\"> \u00abEl crecimiento de Avanti ha ido acompa\u00f1ado de alianzas con instituciones p\u00fablicas, espacios culturales y organizaciones educativas consolid\u00e1ndose como un punto de encuentro \u00fanico entre el arte, la educaci\u00f3n, la creatividad y la participaci\u00f3n cultural\u00bb,<\/span><\/i><span style=\"font-weight: 400;\"> concluye.<\/span><\/p>\n<p>&nbsp;<\/p>\n<p><span style=\"font-weight: 400;\">SEMINARIO DE EDUCACI\u00d3N ART\u00cdSTICA<\/span><\/p>\n<p><span style=\"font-weight: 400;\">Con el prop\u00f3sito de fortalecer el \u00e1rea de Educaci\u00f3n de la Fundaci\u00f3n y favorecer el encuentro entre profesionales del arte, la educaci\u00f3n y todas aquellas personas interesadas en el trabajo con juventudes, y en la educaci\u00f3n art\u00edstica; el <\/span><i><span style=\"font-weight: 400;\">Seminario Transformando la Educaci\u00f3n<\/span><\/i><span style=\"font-weight: 400;\"> surge como un espacio complementario al Festival. Este a\u00f1o celebra su quinta versi\u00f3n, bajo el lema Acciones que construyen presente, un espacio de di\u00e1logo y reflexi\u00f3n interdisciplinaria orientado a fortalecer el rol de la educaci\u00f3n art\u00edstica en el desarrollo integral de las juventudes.<\/span><\/p>\n<p>&nbsp;<\/p>\n<p><span style=\"font-weight: 400;\">Se realizar\u00e1 los d\u00edas martes 11 y mi\u00e9rcoles 12 de noviembre, de 10 a 14 h, en la sala C1 de<\/span><i><span style=\"font-weight: 400;\"> GAM<\/span><\/i><span style=\"font-weight: 400;\"> y contempla una <\/span><i><span style=\"font-weight: 400;\">Mesa Redonda<\/span><\/i><span style=\"font-weight: 400;\"> destinada a analizar el estado actual de la educaci\u00f3n art\u00edstica en Chile, sus desaf\u00edos y proyecciones, con la participaci\u00f3n de autoridades del <\/span><i><span style=\"font-weight: 400;\">Ministerio de las Culturas, las Artes y el Patrimonio, UNESCO<\/span><\/i><span style=\"font-weight: 400;\"> e investigadores del sector. Asimismo, se desarrollar\u00e1n <\/span><i><span style=\"font-weight: 400;\">Mesas de Experiencias Pedag\u00f3gicas,<\/span><\/i><span style=\"font-weight: 400;\"> donde docentes de distintos territorios compartir\u00e1n iniciativas innovadoras implementadas en contextos educativos formales e informales. Finalmente, se presentar\u00e1n <\/span><i><span style=\"font-weight: 400;\">Exposiciones de Artes Esc\u00e9nicas,<\/span><\/i><span style=\"font-weight: 400;\"> a cargo de profesionales de reconocida trayectoria en danza y teatro, en el marco del A\u00f1o Iberoamericano de las Artes Esc\u00e9nicas, quienes ofrecer\u00e1n nuevas perspectivas sobre el trabajo creativo con juventudes.<\/span><\/p>\n<p>&nbsp;<\/p>\n<p><span style=\"font-weight: 400;\">SOBRE EL FESTIVAL<\/span><\/p>\n<p><span style=\"font-weight: 400;\">Con 10 a\u00f1os de trayectoria, el <\/span><i><span style=\"font-weight: 400;\">Festival Interescolar de Artes Juveniles AVANTI<\/span><\/i><span style=\"font-weight: 400;\"> se ha establecido como uno de los espacios de encuentro art\u00edstico-cultural para escolares m\u00e1s grande del pa\u00eds. Est\u00e1 organizado por la <\/span><i><span style=\"font-weight: 400;\">Fundaci\u00f3n Esc\u00e9nica AVANTI<\/span><\/i><span style=\"font-weight: 400;\">, cuenta con el apoyo de <\/span><i><span style=\"font-weight: 400;\">UNESCO<\/span><\/i><span style=\"font-weight: 400;\"> y financiamiento del Fondo Nacional de Fomento y Desarrollo de las Artes Esc\u00e9nicas, Convocatoria 2025, del Ministerio de las Culturas, las Artes y el Patrimonio. Nace el a\u00f1o 2016 como un lugar de encuentro, expresi\u00f3n, reflexi\u00f3n e intercambio art\u00edstico-cultural que busca inspirar a j\u00f3venes estudiantes para que sean protagonistas de sus creaciones art\u00edsticas y as\u00ed potenciar su identidad, diversidad, curiosidad y compromiso social.<\/span><\/p>\n<p>&nbsp;<\/p>\n<p><i><span style=\"font-weight: 400;\">EQUIPO X FESTIVAL INTERESCOLAR DE LAS ARTES JUVENILES AVANTI\u00a0<\/span><\/i><\/p>\n<p><i><span style=\"font-weight: 400;\">Directora Fundaci\u00f3n Esc\u00e9nica Avanti y Coordinadora General Festival: Luz Mar\u00eda Eynaudi.<\/span><\/i><\/p>\n<p><i><span style=\"font-weight: 400;\">Encargada de Gesti\u00f3n y Planificaci\u00f3n Estrat\u00e9gica: Natalia Bronfman.<\/span><\/i><\/p>\n<p><i><span style=\"font-weight: 400;\">Encargada \u00c1rea Educaci\u00f3n y Vinculaci\u00f3n:Roc\u00edo Villegas.<\/span><\/i><\/p>\n<p><i><span style=\"font-weight: 400;\">Productora General: Daniela Espinosa<\/span><\/i><\/p>\n<p><i><span style=\"font-weight: 400;\">Productor T\u00e9cnico: Nels\u00f3n \u00c1lvarez.<\/span><\/i><\/p>\n<p><i><span style=\"font-weight: 400;\">Periodista: Claudia Palominos.<\/span><\/i><\/p>\n<p><i><span style=\"font-weight: 400;\">Dise\u00f1adora Gr\u00e1fica: Ina Mu\u00f1oz.<\/span><\/i><\/p>\n<p><i><span style=\"font-weight: 400;\">Community Manager: Carolina Prieto.<\/span><\/i><\/p>\n<p><i><span style=\"font-weight: 400;\">www.fundacionavanti.cl<\/span><\/i><\/p>\n<p><i><span style=\"font-weight: 400;\">COORDENADAS<\/span><\/i><\/p>\n<p><i><span style=\"font-weight: 400;\">10 al 15 de noviembre<\/span><\/i><\/p>\n<p><i><span style=\"font-weight: 400;\">Distintos horarios<\/span><\/i><\/p>\n<p><i><span style=\"font-weight: 400;\">GAM y CEINA<\/span><\/i><\/p>\n<p><i><span style=\"font-weight: 400;\">GRATIS<\/span><\/i><\/p>\n<p><span style=\"font-weight: 400;\">Los docentes que trabajen con j\u00f3venes entre 13 y 18 a\u00f1os pueden solicitar asistir como p\u00fablico con sus cursos. Deben llenar el siguiente formulario:<\/span><\/p>\n<p><span style=\"font-weight: 400;\">https:\/\/forms.gle\/MuP8bKEGyZwmt8Bq6<\/span><\/p>\n<p><span style=\"font-weight: 400;\">Inscripciones Seminario<\/span><\/p>\n<p><span style=\"font-weight: 400;\">https:\/\/forms.gle\/jA31XUGTtvCcEop88<\/span><\/p>\n<p><span style=\"font-weight: 400;\">VIDEO RESUMEN 2024<\/span><\/p>\n<p><span style=\"font-weight: 400;\">https:\/\/youtu.be\/OuVapxMurxM?si=CuSIOTc1ihcXgbrR<\/span><\/p>\n<p><img loading=\"lazy\" decoding=\"async\" class=\"alignnone size-medium wp-image-3738\" src=\"https:\/\/devnow.cl\/satch\/wp-content\/uploads\/2025\/05\/Diseno-sin-titulo_20250527_131411_0000-300x169.jpg\" alt=\"\" width=\"300\" height=\"169\" \/><\/p>\n<\/div>","protected":false},"excerpt":{"rendered":"<p>Consolid\u00e1ndose como un punto de encuentro \u00fanico entre el arte, la educaci\u00f3n, la creatividad y la participaci\u00f3n cultural, el reconocido Festival Interescolar de Artes Juveniles Avanti, celebra su primera d\u00e9cada de trayectoria GRATIS entre el 10 y 15 de noviembre en GAM y CEINA, con un\u00a0 total de 85 trabajos art\u00edsticos, distribuidos en 40 proyectos [&hellip;]<\/p>\n","protected":false},"author":1,"featured_media":4010,"comment_status":"closed","ping_status":"closed","sticky":false,"template":"","format":"standard","meta":{"pagelayer_contact_templates":[],"_pagelayer_content":"","footnotes":""},"categories":[26,19],"tags":[],"class_list":["post-4009","post","type-post","status-publish","format-standard","has-post-thumbnail","hentry","category-biblioteca","category-noticias"],"_links":{"self":[{"href":"https:\/\/devnow.cl\/satch\/wp-json\/wp\/v2\/posts\/4009","targetHints":{"allow":["GET"]}}],"collection":[{"href":"https:\/\/devnow.cl\/satch\/wp-json\/wp\/v2\/posts"}],"about":[{"href":"https:\/\/devnow.cl\/satch\/wp-json\/wp\/v2\/types\/post"}],"author":[{"embeddable":true,"href":"https:\/\/devnow.cl\/satch\/wp-json\/wp\/v2\/users\/1"}],"replies":[{"embeddable":true,"href":"https:\/\/devnow.cl\/satch\/wp-json\/wp\/v2\/comments?post=4009"}],"version-history":[{"count":1,"href":"https:\/\/devnow.cl\/satch\/wp-json\/wp\/v2\/posts\/4009\/revisions"}],"predecessor-version":[{"id":4131,"href":"https:\/\/devnow.cl\/satch\/wp-json\/wp\/v2\/posts\/4009\/revisions\/4131"}],"wp:featuredmedia":[{"embeddable":true,"href":"https:\/\/devnow.cl\/satch\/wp-json\/wp\/v2\/media\/4010"}],"wp:attachment":[{"href":"https:\/\/devnow.cl\/satch\/wp-json\/wp\/v2\/media?parent=4009"}],"wp:term":[{"taxonomy":"category","embeddable":true,"href":"https:\/\/devnow.cl\/satch\/wp-json\/wp\/v2\/categories?post=4009"},{"taxonomy":"post_tag","embeddable":true,"href":"https:\/\/devnow.cl\/satch\/wp-json\/wp\/v2\/tags?post=4009"}],"curies":[{"name":"wp","href":"https:\/\/api.w.org\/{rel}","templated":true}]}}