{"id":4048,"date":"2025-11-19T14:36:44","date_gmt":"2025-11-19T14:36:44","guid":{"rendered":"https:\/\/satch.cl\/?p=4048"},"modified":"2025-12-13T21:01:52","modified_gmt":"2025-12-13T21:01:52","slug":"ya-no-se-flotar","status":"publish","type":"post","link":"https:\/\/devnow.cl\/satch\/2025\/11\/19\/ya-no-se-flotar\/","title":{"rendered":"YA NO S\u00c9 FLOTAR"},"content":{"rendered":"<div class=\"initial-letter\"><h2><span style=\"font-weight: 400;\">La pieza de danza contempor\u00e1nea <\/span><i><span style=\"font-weight: 400;\">\u201cYA NO S\u00c9 FLOTAR\u201d<\/span><\/i><span style=\"font-weight: 400;\"> habita lo inestable. Cuatro cuerpos exponen la violencia del cansancio en un escenario que cambia a cada momento. Entre la mecanizaci\u00f3n f\u00edsica y la temporalidad de lo precario, aparece el cuerpo inacabado, reprimido, cansado: respiraciones agitadas, pecho pulsante, pies que arrastran historia. La m\u00fasica, con n\u00facleo compositivo en el joropo, enciende el pulso, organiza la energ\u00eda entre euforia y agotamiento, hasta que, en esa tensi\u00f3n, la depresi\u00f3n se deja ver de cerca como herida social compartida.<\/span><\/h2>\n<h2><span style=\"font-weight: 400;\">La obra surge de una investigaci\u00f3n sobre la depresi\u00f3n como fen\u00f3meno \u00edntimo y social. La obra reconoce que el malestar no es s\u00f3lo geogr\u00e1fico, sino que se inscribe en cuerpos atravesados por un sistema que normaliza el cansancio, privatiza el dolor y fomenta el individualismo. Inspirada en parte en <\/span><i><span style=\"font-weight: 400;\">La Sociedad del Cansancio<\/span><\/i><span style=\"font-weight: 400;\"> (<\/span><b>Byung-Chul Han<\/b><span style=\"font-weight: 400;\">), la pieza resiste a esa hiperproductividad que erosiona lo humano y propone un espacio para mirar de frente lo que habitualmente permanece oculto.<\/span><\/h2>\n<h2><span style=\"font-weight: 400;\">En escena, cuatro int\u00e9rpretes habitan un dispositivo esc\u00e9nico en mutaci\u00f3n (luz, sonido, disposici\u00f3n del espacio) materializando lo inestable. Entre la mecanizaci\u00f3n f\u00edsica y la temporalidad de lo precario, aparece el cuerpo inacabado: reprimido, cansado, tironeado por la euforia\/disforia. No se trata de explicar el caos, sino de habitarlo, dejando que lo fr\u00e1gil y lo contradictorio se manifiesten como un pulso vivo y compartido.<\/span><\/h2>\n<h2><span style=\"font-weight: 400;\">La composici\u00f3n sonora, con base en el joropo y sus desv\u00edos r\u00edtmicos, aviva el pulso y modula los estados de la escena: acelera, frena, fragmenta y reorganiza la energ\u00eda entre agotamiento y estallido. La m\u00fasica en esta pieza nos ilustra y transforma; vuelve audible lo que duele y empuja al cuerpo a reordenarse en movimiento, imagen y relaci\u00f3n.<\/span><\/h2>\n<h2><i><span style=\"font-weight: 400;\">\u201cYA NO S\u00c9 FLOTAR\u201d<\/span><\/i><span style=\"font-weight: 400;\"> desplaza la depresi\u00f3n del \u00e1mbito privado hacia un territorio com\u00fan, una herida social que nos exige imaginar otras formas de sost\u00e9n. la obra cierra, donde lo fr\u00e1gil insiste.<\/span><\/h2>\n<h2><i><span style=\"font-weight: 400;\">FICHA ART\u00cdSTICA: Int\u00e9rpretes creadoras: Catalina Herrera, Michelle Venegas, Daniela Gonzalez, Valentina del Pino | Direcci\u00f3n general: Alicia Pizarro Pe\u00f1a | Creaci\u00f3n musical y dise\u00f1o sonoro: Enya de la Jara | Canci\u00f3n original \u00abso\u00f1ar con el d\u00eda\u00bb: Daniela Gatica | Dise\u00f1o Vestuario: Niba Manr\u00edquez | Dise\u00f1o esc\u00e9nico y lum\u00ednico: Pablo de la Fuente | Asistencia coreogr\u00e1fica: Niba Manr\u00edquez | Asistencia dramat\u00fargica: Bruce Gibbons | Registro fotogr\u00e1fico: Tamara M\u00fcller | Registro audiovisual: Diego S\u00e1nchez, Espacios colaboradores: Centro para la comunidad \u201cEspacio Suyai\u201d y Centro Cultural \u201cCasa Palacio\u201d. Agradecimientos especiales: Andr\u00e9s Salas, Flor Violeta, Rodrigo Perez, Maria Pe\u00f1a, a cada int\u00e9rprete que particip\u00f3 del 2023 a la fecha.<\/span><\/i><\/h2>\n<h2><span style=\"font-weight: 400;\">INFORMACI\u00d3N DE ACCESIBILIDAD:<\/span><\/h2>\n<h2><i><span style=\"font-weight: 400;\">&#8211; Humo &#8211; Alto volumen de sonido &#8211; M\u00fasica estridente &#8211; Sonidos bajos retumbantes &#8211; Sonidos repetitivos &#8211; Mayor lenguaje gestual &#8211; Poco lenguaje verbal<\/span><\/i><\/h2>\n<h2><span style=\"font-weight: 400;\">Edad recomendada. +12 a\u00f1os. Temporada del 20 al 29 de noviembre<\/span><\/h2>\n<p><img loading=\"lazy\" decoding=\"async\" class=\"alignnone size-medium wp-image-3738\" src=\"https:\/\/devnow.cl\/satch\/wp-content\/uploads\/2025\/05\/Diseno-sin-titulo_20250527_131411_0000-300x169.jpg\" alt=\"\" width=\"300\" height=\"169\" \/><\/p>\n<h2><\/h2>\n<\/div>","protected":false},"excerpt":{"rendered":"<p>La pieza de danza contempor\u00e1nea \u201cYA NO S\u00c9 FLOTAR\u201d habita lo inestable. Cuatro cuerpos exponen la violencia del cansancio en un escenario que cambia a cada momento. Entre la mecanizaci\u00f3n f\u00edsica y la temporalidad de lo precario, aparece el cuerpo inacabado, reprimido, cansado: respiraciones agitadas, pecho pulsante, pies que arrastran historia. La m\u00fasica, con n\u00facleo [&hellip;]<\/p>\n","protected":false},"author":2,"featured_media":4049,"comment_status":"closed","ping_status":"closed","sticky":false,"template":"","format":"standard","meta":{"pagelayer_contact_templates":[],"_pagelayer_content":"","footnotes":""},"categories":[26,23,19],"tags":[],"class_list":["post-4048","post","type-post","status-publish","format-standard","has-post-thumbnail","hentry","category-biblioteca","category-danza","category-noticias"],"_links":{"self":[{"href":"https:\/\/devnow.cl\/satch\/wp-json\/wp\/v2\/posts\/4048","targetHints":{"allow":["GET"]}}],"collection":[{"href":"https:\/\/devnow.cl\/satch\/wp-json\/wp\/v2\/posts"}],"about":[{"href":"https:\/\/devnow.cl\/satch\/wp-json\/wp\/v2\/types\/post"}],"author":[{"embeddable":true,"href":"https:\/\/devnow.cl\/satch\/wp-json\/wp\/v2\/users\/2"}],"replies":[{"embeddable":true,"href":"https:\/\/devnow.cl\/satch\/wp-json\/wp\/v2\/comments?post=4048"}],"version-history":[{"count":1,"href":"https:\/\/devnow.cl\/satch\/wp-json\/wp\/v2\/posts\/4048\/revisions"}],"predecessor-version":[{"id":4119,"href":"https:\/\/devnow.cl\/satch\/wp-json\/wp\/v2\/posts\/4048\/revisions\/4119"}],"wp:featuredmedia":[{"embeddable":true,"href":"https:\/\/devnow.cl\/satch\/wp-json\/wp\/v2\/media\/4049"}],"wp:attachment":[{"href":"https:\/\/devnow.cl\/satch\/wp-json\/wp\/v2\/media?parent=4048"}],"wp:term":[{"taxonomy":"category","embeddable":true,"href":"https:\/\/devnow.cl\/satch\/wp-json\/wp\/v2\/categories?post=4048"},{"taxonomy":"post_tag","embeddable":true,"href":"https:\/\/devnow.cl\/satch\/wp-json\/wp\/v2\/tags?post=4048"}],"curies":[{"name":"wp","href":"https:\/\/api.w.org\/{rel}","templated":true}]}}