{"id":4087,"date":"2025-11-27T14:26:21","date_gmt":"2025-11-27T14:26:21","guid":{"rendered":"https:\/\/satch.cl\/?p=4087"},"modified":"2025-12-13T21:01:52","modified_gmt":"2025-12-13T21:01:52","slug":"juan-radrigan-vigencia-de-una-dramaturgia-comprometida-2","status":"publish","type":"post","link":"https:\/\/devnow.cl\/satch\/2025\/11\/27\/juan-radrigan-vigencia-de-una-dramaturgia-comprometida-2\/","title":{"rendered":"JUAN RADRIG\u00c1N: VIGENCIA DE UNA DRAMATURGIA COMPROMETIDA"},"content":{"rendered":"<div class=\"initial-letter\"><p><i><span style=\"font-weight: 400;\">A nueve a\u00f1os de su partida<\/span><\/i><\/p>\n<p><i><span style=\"font-weight: 400;\">\u201cQueremos mostrar palabras que protesten,<\/span><\/i><i><span style=\"font-weight: 400;\"><br \/>\n<\/span><\/i><i><span style=\"font-weight: 400;\">reflexionen y muestren el tiempo que les toc\u00f3 existir\u201d.<\/span><\/i><i><span style=\"font-weight: 400;\"><br \/>\n<\/span><\/i><i><span style=\"font-weight: 400;\">\u2014Juan Radrig\u00e1n<\/span><\/i><\/p>\n<p><span style=\"font-weight: 400;\">El 26 de noviembre de 2025, en la sala <\/span><i><span style=\"font-weight: 400;\">Antonio Varas <\/span><\/i><span style=\"font-weight: 400;\">del<\/span><i><span style=\"font-weight: 400;\"> Teatro Nacional Chileno<\/span><\/i><span style=\"font-weight: 400;\">, se present\u00f3 el archivo web de la obra de <\/span><b>Juan Radrig\u00e1n Rojas<\/b><span style=\"font-weight: 400;\">. La iniciativa \u2014levantada por la fundaci\u00f3n que lleva su nombre, gestionada por su familia\u2014 no s\u00f3lo rescata un legado imprescindible: abre un territorio de estudio, memoria y transmisi\u00f3n para las nuevas generaciones de actrices, actores, docentes e investigadores. En un pa\u00eds donde la dramaturgia nacional a\u00fan se revisita de modo fragmentario, este archivo constituye un acto de justicia.<\/span><\/p>\n<p><span style=\"font-weight: 400;\">A nueve a\u00f1os de su fallecimiento, la vigencia de <\/span><b>Juan Radrig\u00e1n<\/b><span style=\"font-weight: 400;\"> (1937\u20132016) no se explica s\u00f3lo por el peso literario de su obra, sino por la lucidez con que supo leer la herida social chilena. Su teatro habla desde la pobreza estructural, desde la exclusi\u00f3n arraigada, desde la dignidad golpeada de quienes viven al borde del modelo. Su palabra nunca necesit\u00f3 ornamento: se sostuvo en una \u00e9tica radicalmente humana.<\/span><\/p>\n<p><span style=\"font-weight: 400;\">Su escritura dialog\u00f3 con una generaci\u00f3n que, desde mediados del siglo XX, desplaz\u00f3 la escena chilena hacia el territorio donde las tensiones sociales eran m\u00e1s visibles. <\/span><b>Isidora Aguirre<\/b><span style=\"font-weight: 400;\"> (1919\u20132011), con <\/span><i><span style=\"font-weight: 400;\">Los que van quedando solos<\/span><\/i><span style=\"font-weight: 400;\"> (1969), denunci\u00f3 la violencia patronal y la desigualdad agraria. <\/span><b>Egon Wolff<\/b><span style=\"font-weight: 400;\"> (1926\u20132016) interrog\u00f3 la fractura de clase y el temor de las \u00e9lites en <\/span><i><span style=\"font-weight: 400;\">Los Invasores<\/span><\/i><span style=\"font-weight: 400;\">. <\/span><b>Luis Rivano<\/b><span style=\"font-weight: 400;\"> (1933\u20132016) retrat\u00f3 la crudeza de los m\u00e1rgenes urbanos en <\/span><i><span style=\"font-weight: 400;\">El Rucio de los Cuchillos<\/span><\/i><span style=\"font-weight: 400;\">, <\/span><i><span style=\"font-weight: 400;\">Por Sospecha<\/span><\/i><span style=\"font-weight: 400;\"> y <\/span><i><span style=\"font-weight: 400;\">Te llamabas Rosicler<\/span><\/i><span style=\"font-weight: 400;\">. <\/span><b>Alberto Kurapel<\/b><span style=\"font-weight: 400;\"> (1946) configur\u00f3 desde el exilio una po\u00e9tica perform\u00e1tica marcada por el trauma pol\u00edtico, el desarraigo y la memoria fragmentada. <\/span><b>Juan Vera<\/b><span style=\"font-weight: 400;\"> (1945\u20132002) sostuvo, desde <\/span><i><span style=\"font-weight: 400;\">Teatro El Riel<\/span><\/i><span style=\"font-weight: 400;\">, un realismo social de ra\u00edz obrera que dialog\u00f3 con la \u00e9pica proletaria brechtiana.<\/span><\/p>\n<p><span style=\"font-weight: 400;\">Ese tejido diverso consolid\u00f3 un teatro que asumi\u00f3 su tiempo hist\u00f3rico como material vivo. Sin embargo, <\/span><b>Radrig\u00e1n<\/b><span style=\"font-weight: 400;\"> encarn\u00f3 un giro decisivo dentro de ese mapa: no represent\u00f3 la marginalidad, la escribi\u00f3 desde adentro. Como <\/span><b>Antonio Acevedo Hern\u00e1ndez <\/b><span style=\"font-weight: 400;\">y <\/span><b>Nicomedes Guzm\u00e1n<\/b><span style=\"font-weight: 400;\"> antes que \u00e9l, situ\u00f3 a los expulsados del relato oficial en el centro de su obra: mujeres solas, hombres rotos, sobrevivientes de un pa\u00eds que avanzaba sin mirarlos. Su palabra proven\u00eda de la calle, del borde, de la intemperie.<\/span><\/p>\n<p><span style=\"font-weight: 400;\">En el cap\u00edtulo \u201cGolpe de Estado y Resistencia Teatral\u201d del libro <\/span><i><span style=\"font-weight: 400;\">La rebeli\u00f3n de los menos, mendigos, perros y cantantes<\/span><\/i><span style=\"font-weight: 400;\"> (1997\u20132014), esta \u00e9tica aparece resumida con claridad:<\/span><\/p>\n<p><i><span style=\"font-weight: 400;\">\u201cEl Teatro Popular Poblacional se convierte en un basti\u00f3n a nivel territorial, haci\u00e9ndose cargo y poniendo en el tapete las situaciones del momento: violencia militar, cesant\u00eda, hacinamientos, inseguridad, miedo. (\u2026) Dentro de este marco destaca el escritor y dramaturgo <\/span><\/i><b><i>Juan Radrig\u00e1n<\/i><\/b><i><span style=\"font-weight: 400;\">, cuya letra plasma la problem\u00e1tica de la marginaci\u00f3n. (\u2026) Las ideas de <\/span><\/i><b><i>Radrig\u00e1n<\/i><\/b><i><span style=\"font-weight: 400;\"> proven\u00edan de la realidad marginal ignorada, omitida, silenciada; all\u00ed se encontraba la savia del relato, la carne y la sangre de los \u2018h\u00e9roes parias\u2019\u2026 sus textos destacan por una proposici\u00f3n de teatro pol\u00edtico y social, donde la figura del marginal y el contestatario prevalecen en contraposici\u00f3n a la represi\u00f3n del terrorismo de Estado.\u201d<\/span><\/i><\/p>\n<p><span style=\"font-weight: 400;\">Ese impulso \u00e9tico no pertenece al pasado: contin\u00faa respirando en nuestro presente. La dramaturgia de Radrig\u00e1n persiste porque la desigualdad persiste. Su obra vuelve a preguntarnos \u2014con la misma dureza de hace d\u00e9cadas\u2014 qui\u00e9nes son hoy los <\/span><i><span style=\"font-weight: 400;\">\u201cnuevos invisibles\u201d<\/span><\/i><span style=\"font-weight: 400;\">, aquellos que la sociedad prefiere no mirar: migrantes que sostienen econom\u00edas precarias, trabajadores endeudados, habitantes de zonas de sacrificio, ni\u00f1os sin red, adultos mayores empobrecidos. \u00bfPuede el teatro darles voz sin convertirlos en caricatura ni estad\u00edstica?<\/span><\/p>\n<p><span style=\"font-weight: 400;\">Y m\u00e1s a\u00fan: \u00bfc\u00f3mo representar la violencia institucional contempor\u00e1nea, que ya no siempre aparece armada, sino administrada? \u00bfC\u00f3mo mostrar la violencia que opera a trav\u00e9s de deudas, algoritmos, burocracias y exclusiones silenciosas? \u00bfQu\u00e9 nuevas est\u00e9ticas pueden surgir desde esas periferias actuales, f\u00edsicas y simb\u00f3licas? \u00bfSer\u00e1 capaz la dramaturgia de hoy de escuchar los silencios que Radrig\u00e1n convirti\u00f3 en palabra?<\/span><\/p>\n<p><span style=\"font-weight: 400;\">Recordarlo, a nueve a\u00f1os de su partida, no es un gesto conmemorativo: es un ejercicio de lucidez.<\/span><span style=\"font-weight: 400;\"><br \/>\n<\/span><span style=\"font-weight: 400;\">La vigencia de Radrig\u00e1n no reside en lo que escribi\u00f3, sino en lo que nos sigue obligando a mirar.<\/span><\/p>\n<p>&nbsp;<\/p>\n<p><span style=\"font-weight: 400;\">T,K.<\/span><span style=\"font-weight: 400;\"><br \/>\n<\/span><span style=\"font-weight: 400;\">Profesional artes esc\u00e9nicas teatrales , gestor cultural.<\/span><\/p>\n<p><span style=\"font-weight: 400;\">Escritor , poeta , dramaturgo, investigador\u00a0 y docente teatral.<\/span><\/p>\n<\/div>","protected":false},"excerpt":{"rendered":"<p>A nueve a\u00f1os de su partida \u201cQueremos mostrar palabras que protesten, reflexionen y muestren el tiempo que les toc\u00f3 existir\u201d. \u2014Juan Radrig\u00e1n El 26 de noviembre de 2025, en la sala Antonio Varas del Teatro Nacional Chileno, se present\u00f3 el archivo web de la obra de Juan Radrig\u00e1n Rojas. La iniciativa \u2014levantada por la fundaci\u00f3n [&hellip;]<\/p>\n","protected":false},"author":2,"featured_media":4088,"comment_status":"closed","ping_status":"closed","sticky":false,"template":"","format":"standard","meta":{"pagelayer_contact_templates":[],"_pagelayer_content":"","footnotes":""},"categories":[26,25],"tags":[],"class_list":["post-4087","post","type-post","status-publish","format-standard","has-post-thumbnail","hentry","category-biblioteca","category-opinion"],"_links":{"self":[{"href":"https:\/\/devnow.cl\/satch\/wp-json\/wp\/v2\/posts\/4087","targetHints":{"allow":["GET"]}}],"collection":[{"href":"https:\/\/devnow.cl\/satch\/wp-json\/wp\/v2\/posts"}],"about":[{"href":"https:\/\/devnow.cl\/satch\/wp-json\/wp\/v2\/types\/post"}],"author":[{"embeddable":true,"href":"https:\/\/devnow.cl\/satch\/wp-json\/wp\/v2\/users\/2"}],"replies":[{"embeddable":true,"href":"https:\/\/devnow.cl\/satch\/wp-json\/wp\/v2\/comments?post=4087"}],"version-history":[{"count":2,"href":"https:\/\/devnow.cl\/satch\/wp-json\/wp\/v2\/posts\/4087\/revisions"}],"predecessor-version":[{"id":4240,"href":"https:\/\/devnow.cl\/satch\/wp-json\/wp\/v2\/posts\/4087\/revisions\/4240"}],"wp:featuredmedia":[{"embeddable":true,"href":"https:\/\/devnow.cl\/satch\/wp-json\/wp\/v2\/media\/4088"}],"wp:attachment":[{"href":"https:\/\/devnow.cl\/satch\/wp-json\/wp\/v2\/media?parent=4087"}],"wp:term":[{"taxonomy":"category","embeddable":true,"href":"https:\/\/devnow.cl\/satch\/wp-json\/wp\/v2\/categories?post=4087"},{"taxonomy":"post_tag","embeddable":true,"href":"https:\/\/devnow.cl\/satch\/wp-json\/wp\/v2\/tags?post=4087"}],"curies":[{"name":"wp","href":"https:\/\/api.w.org\/{rel}","templated":true}]}}