{"id":4151,"date":"2017-08-30T03:00:28","date_gmt":"2017-08-30T03:00:28","guid":{"rendered":"https:\/\/satch.cl\/?p=104"},"modified":"2017-08-30T03:00:28","modified_gmt":"2017-08-30T03:00:28","slug":"plan-vivienda-playa-hermosa-con-ataud","status":"publish","type":"post","link":"https:\/\/devnow.cl\/satch\/2017\/08\/30\/plan-vivienda-playa-hermosa-con-ataud\/","title":{"rendered":"PLAN VIVIENDA: Playa Hermosa con Ata\u00fad"},"content":{"rendered":"<div class=\"initial-letter\"><p>La ruda manifestaci\u00f3n de la naturaleza conlleva la doblegaci\u00f3n de todos los seres que se interponen a la fuerza y furia de \u00e9sta energ\u00eda. La obra <strong><em>Plan Vivienda 2015 \u2013 2045<\/em><\/strong>; proyecto financiado por fondart, convocatoria 2016; plantea el autor Bosco Cayo <em>(El Dylan)<\/em> en \u00e9sta su \u00faltima producci\u00f3n, las nefastas consecuencias causadas a una ciudad cuando se desata toda la potencia de la naturaleza, arrasando con viviendas, personas y veh\u00edculos. Las reflexiones de los sobrevivientes y de aquellas autoridades que inician el proceso de reconstrucci\u00f3n, nos recuerda el historial de desastres que han ocurrido a lo largo del pa\u00eds desde que se tengan recuerdos. Desde su origen este es un territorio en permanente reconstrucci\u00f3n, siendo su rasgo m\u00e1s caracter\u00edstico la suma de desastres que adem\u00e1s de golpear la geograf\u00eda, horada el alma de sus moradores. La obra narra en una serie de escenas, algo ca\u00f3ticas y en sucesi\u00f3n r\u00e1pida, la configuraci\u00f3n de mundo de un grupo de habitantes de la ciudad de Cha\u00f1aral, localidad ubicada en el Norte Chileno, en la tercera Regi\u00f3n de Atacama; sacudida por un desastre natural transformando brutalmente la geograf\u00eda y convivencia del lugar.<\/p>\n<p>El desborde del r\u00edo <em>El Salado <\/em>en el a\u00f1o 2015, producto de intensas lluvias que provocan aluviones, corta la ciudad en dos; desastre que provoca un vuelco en la existencia de sus habitantes, generando un antes y un despu\u00e9s en sus vidas. La obra est\u00e1 situada con una \u00f3ptica coral, d\u00f3nde los distintos personajes con las p\u00e9rdidas a\u00fan frescas en sus hombros, inician un viaje, desde el barro y el lodo donde se encuentran, buscando y luchando por lograr mejores horizontes.<\/p>\n<figure id=\"attachment_106\" aria-describedby=\"caption-attachment-106\" style=\"width: 250px\" class=\"wp-caption aligncenter\"><img loading=\"lazy\" decoding=\"async\" class=\"size-full wp-image-106\" src=\"https:\/\/devnow.cl\/satch\/wp-content\/uploads\/2017\/08\/foto-actores.jpg\" alt=\"\" width=\"250\" height=\"161\" \/><figcaption id=\"caption-attachment-106\" class=\"wp-caption-text\">\u00a0 \u00a0 \u00a0 \u00a0 \u00a0 \u00a0 \u00a0 \u00a0 \u00a0 \u00a0<\/figcaption><\/figure>\n<p>Son dos historias que movilizan la puesta en espacio: una, la b\u00fasqueda por un padre de su hijo desaparecido, arrastrado por el agua y el lodo mientras participaba en labores de rescate. La otra son los planes de reconstrucci\u00f3n con que las autoridades centrales se comprometieron frente a los medios de comunicaci\u00f3n. Cada secuencia narra el viaje que sufren los personajes desde lo privado a lo p\u00fablico en el futuro; comenzando el a\u00f1o 2015 hasta el a\u00f1o 2045; donde se repasa lo que ocurri\u00f3 con los cuerpos tragados por el lodo, la reconstrucci\u00f3n de las viviendas y el \u00e9xodo de la comunidad en esa zona.<\/p>\n<p>El autor Bosco Cayo se caracteriza por poseer una pluma prol\u00edfica que recoge cualquier suceso del cotidiano nacional, y lo transforma en una cantata \u00e9pica, po\u00e9tica y metaf\u00f3rica. As\u00ed, sus obras han ido conformando la historia oculta del pa\u00eds, al recoger acontecimientos sucedidos en lugares apartados de la capital y que dan cuenta de la idiosincrasia y car\u00e1cter que poseemos y determinan nuestro sello. Como integrante del colectivo teatral \u201cLa Compa\u00f1\u00eda Limitada\u201d, hasta ahora han realizado tres montajes:\u00a0<strong><em>Yo te pido por todos los perros de la calle<\/em><em>\u00a0<\/em><\/strong>(2012),\u00a0<strong><em>Lim\u00edtrofe: La pastora del sol<\/em><\/strong>(2013) y\u00a0<strong><em>Taltal<\/em><\/strong>\u00a0(2014). Montajes que dan cuenta, con prolijas investigaciones y trabajos en terreno, de tem\u00e1ticas dolorosas y complejas que posee el pa\u00eds y que los ha proyectado, desde hace a\u00f1os, a un lugar sobresaliente de la escena nacional, siempre enfocados en sus principios art\u00edsticos y sociales con que conforman su nacimiento y ser en la escena.<\/p>\n<p>El corolario que se concluye por defecto, es el hundimiento que tras periodos sucesivos y continuos se suceden uno tras otro, y como la naturaleza se hace una algarab\u00eda con los huesos que aparecen y desaparecen, c\u00f3mo muda manifestaci\u00f3n frente a una hermosa playa de verde agua.<\/p>\n<p><strong>FICHA ART\u00cdSTICA<\/strong><strong><br \/>\n<\/strong>Direcci\u00f3n y actuaci\u00f3n: Ignacia Ag\u00fcero, April Gregory, Bosco Cayo, Jaime Leiva y Ver\u00f3nica Medel.<br \/>\nDramaturgia: Bosco Cayo (seleccionado por el Royal Court Theatre en Chile y el festival de New plays from Chile en Londres).<br \/>\nProducci\u00f3n: Juan Anania.<br \/>\nProducci\u00f3n Ejecutiva: Gast\u00f3n Zepeda.<br \/>\nAsistente de Producci\u00f3n y Direcci\u00f3n: Diego Hern\u00e1ndez.<br \/>\nDise\u00f1o Sonoro: Santiago Farah.<br \/>\nDise\u00f1o y Realizaci\u00f3n Escenogr\u00e1fica: Miguel Alvayay.<br \/>\nDise\u00f1ador Gr\u00e1fico: Hugo Navarro.<br \/>\nAudiovisualista: Pablo Greene.<br \/>\nAsesor\u00eda Visual: Henry Serrano.<br \/>\nSoci\u00f3logo: Ignacio Elzo.<br \/>\nPrensa y Comunicaciones: Diana Torres y Felipe Menares.<br \/>\nCo producci\u00f3n: Parque Cultural de Valparaiso y Centro Cultural M100.<\/p>\n<p><img loading=\"lazy\" decoding=\"async\" class=\"alignnone size-full wp-image-87\" src=\"https:\/\/devnow.cl\/satch\/wp-content\/uploads\/2017\/08\/e0fb3055e5688b4d7e2c3b3fe0e1a09e.jpeg\" alt=\"\" width=\"64\" height=\"64\" \/>\u00a0por Guillermo Pallac\u00e1n.<\/p>\n<p>&nbsp;<\/p>\n<p>&nbsp;<\/p>\n<p>&nbsp;<\/p>\n<\/div>","protected":false},"excerpt":{"rendered":"<p>La ruda manifestaci\u00f3n de la naturaleza conlleva la doblegaci\u00f3n de todos los seres que se interponen a la fuerza y furia de \u00e9sta energ\u00eda. La obra Plan Vivienda 2015 \u2013 2045; proyecto financiado por fondart, convocatoria 2016; plantea el autor Bosco Cayo (El Dylan) en \u00e9sta su \u00faltima producci\u00f3n, las nefastas consecuencias causadas a una [&hellip;]<\/p>\n","protected":false},"author":1,"featured_media":0,"comment_status":"closed","ping_status":"open","sticky":false,"template":"","format":"standard","meta":{"pagelayer_contact_templates":[],"_pagelayer_content":"","footnotes":""},"categories":[26,20],"tags":[],"class_list":["post-4151","post","type-post","status-publish","format-standard","hentry","category-biblioteca","category-criticas"],"_links":{"self":[{"href":"https:\/\/devnow.cl\/satch\/wp-json\/wp\/v2\/posts\/4151","targetHints":{"allow":["GET"]}}],"collection":[{"href":"https:\/\/devnow.cl\/satch\/wp-json\/wp\/v2\/posts"}],"about":[{"href":"https:\/\/devnow.cl\/satch\/wp-json\/wp\/v2\/types\/post"}],"author":[{"embeddable":true,"href":"https:\/\/devnow.cl\/satch\/wp-json\/wp\/v2\/users\/1"}],"replies":[{"embeddable":true,"href":"https:\/\/devnow.cl\/satch\/wp-json\/wp\/v2\/comments?post=4151"}],"version-history":[{"count":0,"href":"https:\/\/devnow.cl\/satch\/wp-json\/wp\/v2\/posts\/4151\/revisions"}],"wp:attachment":[{"href":"https:\/\/devnow.cl\/satch\/wp-json\/wp\/v2\/media?parent=4151"}],"wp:term":[{"taxonomy":"category","embeddable":true,"href":"https:\/\/devnow.cl\/satch\/wp-json\/wp\/v2\/categories?post=4151"},{"taxonomy":"post_tag","embeddable":true,"href":"https:\/\/devnow.cl\/satch\/wp-json\/wp\/v2\/tags?post=4151"}],"curies":[{"name":"wp","href":"https:\/\/api.w.org\/{rel}","templated":true}]}}