{"id":4169,"date":"2018-03-13T03:58:39","date_gmt":"2018-03-13T03:58:39","guid":{"rendered":"https:\/\/satch.cl\/?p=226"},"modified":"2018-03-13T03:58:39","modified_gmt":"2018-03-13T03:58:39","slug":"el-dia-de-la-danza","status":"publish","type":"post","link":"https:\/\/devnow.cl\/satch\/2018\/03\/13\/el-dia-de-la-danza\/","title":{"rendered":"EL D\u00cdA DE LA DANZA"},"content":{"rendered":"<div class=\"initial-letter\"><p>El d\u00eda de la danza se celebra los 29 de Abril de cada a\u00f1o.<\/p>\n<p>Y es pertinente preguntarse: \u00bfQu\u00e9 es la danza en \u00e9ste pa\u00eds y en qu\u00e9 esta actualmente? \u00bfC\u00f3mo definirla?<\/p>\n<p><iframe loading=\"lazy\" title=\"D\u00eda Internacional de la Danza 2017 (Detr\u00e1s de escenas)\" width=\"640\" height=\"360\" src=\"https:\/\/www.youtube.com\/embed\/1ATpEIlQDUE?feature=oembed\" frameborder=\"0\" allow=\"accelerometer; autoplay; clipboard-write; encrypted-media; gyroscope; picture-in-picture; web-share\" referrerpolicy=\"strict-origin-when-cross-origin\" allowfullscreen><\/iframe><\/p>\n<p>Busquemos una definici\u00f3n.<\/p>\n<p>Revisando textos de estudio, apuntes y entrevistas, conversaciones con maestros, y escuchar al p\u00fablico asiduo que la disfruta. Pero tambi\u00e9n la interrogante requiere pensarla m\u00e1s, no s\u00f3lo pensando en aquellos lugares establecidos, sino en los espacios que ocupan los bailarines cuando est\u00e1n encontrando su propio lugar donde ejercen su arte como creadores e int\u00e9rpretes, adem\u00e1s de seres pensantes.<\/p>\n<p>Esta fecha&nbsp;se instaur\u00f3 desde el a\u00f1o 1982 como el&nbsp;<strong>D\u00eda Internacional de la Danza,<\/strong>&nbsp;en honor al bailar\u00edn franc\u00e9s&nbsp;<strong><a href=\"https:\/\/es.wikipedia.org\/wiki\/Jean-Georges_Noverre\">Jean-Georges Noverre<\/a>, que naci\u00f3 ese d\u00eda<\/strong> (1727 \u2013 1810) y es considerado el creador del ballet moderno y conocido como el<a href=\"https:\/\/es.wikipedia.org\/wiki\/William_Shakespeare\"> Shakespeare<\/a> de la danza.<\/p>\n<p>Fue bailar\u00edn de la Corte Real de <a href=\"https:\/\/es.wikipedia.org\/wiki\/Luis_XV_de_Francia\">Luis XV<\/a> y core\u00f3grafo de la compa\u00f1\u00eda de ballet de la \u00d3pera C\u00f3mica, en&nbsp;<strong>Par\u00eds<\/strong><strong>. <\/strong><\/p>\n<p>La Danza de hoy experimenta distintas formas de creaci\u00f3n y esto es por la apertura de diferentes escuelas, que ha permitido enriquecer el enfoque y la posibilidad de un crecimiento de poblaci\u00f3n en relaci\u00f3n a las personas que deciden estudiar este oficio.<\/p>\n<p>\u00bfQu\u00e9 motiva al ser humano a danzar?<\/p>\n<p>El ser humano danza porque tiene necesidad de expresar lo que siente: alegr\u00eda, miedo. Danza a lo desconocido, a lo que no puede explicar, o simplemente danza por inercia, por un impulso vital.<\/p>\n<p>Para principiar a definir la danza, diremos que s\u00f3lo existen dos tipos de danza, aquella que se realiza con una finalidad determinada, s\u00e9ase honrar a un dios, solicitar su favor, implorar su protecci\u00f3n o su ayuda para una buena cosecha, nacimiento o muerte, guerra&nbsp;o casamiento. A este tipo de danza se le llama <em>danza concreta<\/em>. Y aquella que se realiza s\u00f3lo por el placer de danzar, de moverse sin ninguna finalidad, se llama <em>danza abstracta<\/em>.<\/p>\n<p>Durante la&nbsp;<a href=\"https:\/\/es.wikipedia.org\/wiki\/Prehistoria\">prehistoria<\/a>&nbsp;se puede decir que la danza que realizan los pueblos antiguos tiene una finalidad m\u00e1gico-religiosa. No se pueden separar el&nbsp;mito&nbsp;de la danza concreta.&nbsp;El hombre&nbsp;antiguo, no danza para que lo vean, sino que la gran mayor\u00eda de sus danzas tienen una finalidad religiosa, s\u00f3lo pocas y en algunas culturas se ejecuta la danza abstracta.<\/p>\n<p>El t\u00e9rmino danza es de origen alem\u00e1n, procede de la palabra <em>TANZ<\/em>, que significa girar, dar vueltas y bailar. La palabra italiana <em>ballere,<\/em> significa <em>girar o<\/em> <em>dar<\/em> <em>vueltas<\/em>. Por lo tanto, <em>baile y danza<\/em> significan lo mismo.<\/p>\n<p>Este a\u00f1o el d\u00eda la danza pasa por un proceso de reflexi\u00f3n y expansi\u00f3n digna de destacar, como por ejemplo la plataforma<em>\u201c<a href=\"http:\/\/danzasur.org\/es\/home\">Red Danza Sur<\/a>\u201d, <\/em>que abarca a los diferentes exponentes de la danza en Latinoam\u00e9rica y donde se analiza y ejerce la danza con propiedad y promoviendo la dignificaci\u00f3n de la profesi\u00f3n. Porque el pensar la danza no es malo, es necesario saber de d\u00f3nde venimos, a donde queremos llegar, que nos interesa transmitir, conservar el respeto por quienes forjaron escuela en nuestro pa\u00eds, con la memoria fr\u00e1gil que abunda tristemente en nuestro territorio. Construir no desde lo despectivo del ego, todos decidimos ser bailarines porque alguien nos cautivo y calo hondo en nuestra forma de ver la vida.<\/p>\n<p>Acerc\u00e1ndonos a una pr\u00f3xima celebraci\u00f3n del d\u00eda de la danza, cito las palabras del maestro <a href=\"https:\/\/es.wikipedia.org\/wiki\/Patricio_Bunster\">Patricio Bunster<\/a>; en una entrevista realizada por la periodista Paula Ossandon,<strong>: <\/strong><em> El factor comunicacional es muy importante en la danza y creo que de repente estamos cayendo en una danza incomunicada con el p\u00fablico\u201d. <\/em><\/p>\n<p>\u00bfQu\u00e9 responder\u00edamos hoy?<\/p>\n<p><img loading=\"lazy\" decoding=\"async\" class=\"alignnone size-full wp-image-229\" src=\"https:\/\/devnow.cl\/satch\/wp-content\/uploads\/2018\/03\/Grisel-Rico-1.jpg\" alt=\"\" width=\"100\" height=\"126\">&nbsp;<em>Grisel Rico. Colaboradora<\/em><\/p>\n<p>&nbsp;<\/p>\n<p>&nbsp;<\/p>\n<p>&nbsp;<\/p>\n<p>&nbsp;<\/p>\n<\/div>","protected":false},"excerpt":{"rendered":"<p>El d\u00eda de la danza se celebra los 29 de Abril de cada a\u00f1o. Y es pertinente preguntarse: \u00bfQu\u00e9 es la danza en \u00e9ste pa\u00eds y en qu\u00e9 esta actualmente? \u00bfC\u00f3mo definirla? Busquemos una definici\u00f3n. Revisando textos de estudio, apuntes y entrevistas, conversaciones con maestros, y escuchar al p\u00fablico asiduo que la disfruta. Pero tambi\u00e9n [&hellip;]<\/p>\n","protected":false},"author":1,"featured_media":0,"comment_status":"closed","ping_status":"open","sticky":false,"template":"","format":"standard","meta":{"pagelayer_contact_templates":[],"_pagelayer_content":"","footnotes":""},"categories":[26,23],"tags":[],"class_list":["post-4169","post","type-post","status-publish","format-standard","hentry","category-biblioteca","category-danza"],"_links":{"self":[{"href":"https:\/\/devnow.cl\/satch\/wp-json\/wp\/v2\/posts\/4169","targetHints":{"allow":["GET"]}}],"collection":[{"href":"https:\/\/devnow.cl\/satch\/wp-json\/wp\/v2\/posts"}],"about":[{"href":"https:\/\/devnow.cl\/satch\/wp-json\/wp\/v2\/types\/post"}],"author":[{"embeddable":true,"href":"https:\/\/devnow.cl\/satch\/wp-json\/wp\/v2\/users\/1"}],"replies":[{"embeddable":true,"href":"https:\/\/devnow.cl\/satch\/wp-json\/wp\/v2\/comments?post=4169"}],"version-history":[{"count":0,"href":"https:\/\/devnow.cl\/satch\/wp-json\/wp\/v2\/posts\/4169\/revisions"}],"wp:attachment":[{"href":"https:\/\/devnow.cl\/satch\/wp-json\/wp\/v2\/media?parent=4169"}],"wp:term":[{"taxonomy":"category","embeddable":true,"href":"https:\/\/devnow.cl\/satch\/wp-json\/wp\/v2\/categories?post=4169"},{"taxonomy":"post_tag","embeddable":true,"href":"https:\/\/devnow.cl\/satch\/wp-json\/wp\/v2\/tags?post=4169"}],"curies":[{"name":"wp","href":"https:\/\/api.w.org\/{rel}","templated":true}]}}