{"id":4291,"date":"2025-12-25T21:11:43","date_gmt":"2025-12-25T21:11:43","guid":{"rendered":"https:\/\/devnow.cl\/satch\/?p=4291"},"modified":"2025-12-25T21:11:44","modified_gmt":"2025-12-25T21:11:44","slug":"festival-santiago-off-celebra-15-anos","status":"publish","type":"post","link":"https:\/\/devnow.cl\/satch\/2025\/12\/25\/festival-santiago-off-celebra-15-anos\/","title":{"rendered":"FESTIVAL SANTIAGO OFF CELEBRA 15 A\u00d1OS"},"content":{"rendered":"<div class=\"initial-letter\">\n<p>El <em>Festival Internacional Santiago Off<\/em> celebrar\u00e1 su 15\u00ba aniversario entre el 22 y el 31 de enero, con m\u00e1s de 50 espect\u00e1culos a precios accesibles, funciones gratuitas y una nueva edici\u00f3n de la <em>Escuela Off<\/em>, su espacio de formaci\u00f3n art\u00edstica. La fiesta de las artes esc\u00e9nicas independientes cumple 15 a\u00f1os y acompa\u00f1ar\u00e1 la energ\u00eda de este verano con m\u00e1s de 50 espect\u00e1culos provenientes de Chile, Colombia, M\u00e9xico, Espa\u00f1a, Francia, Argentina y Brasil. El <em>Festival Internacional Santiago Off 2026<\/em> llega con un esp\u00edritu celebratorio y con la fuerza propia de un proyecto que ha crecido junto a sus p\u00fablicos, artistas y comunidades durante una d\u00e9cada y media.<\/p>\n\n\n\n<p>La nueva edici\u00f3n del Festival re\u00fane una programaci\u00f3n vibrante que incluye teatro, danza, m\u00fasica, performance e interdisciplina, manteniendo el sello internacional que caracteriza al encuentro.<\/p>\n\n\n\n<p><em>\u201cLo nuestro es conectar a la gente con la escena contempor\u00e1nea que est\u00e1 pasando ahora y que ser\u00e1 historia ma\u00f1ana. Son artistas que est\u00e1n proponiendo lenguajes nuevos, arriesgando y moviendo los l\u00edmites\u201d<\/em>, asegura <strong>Carla Valles<\/strong>, directora de <em>Gesti\u00f3n y Contenidos del Festival<\/em>.<\/p>\n\n\n\n<p>Estos 15 a\u00f1os de <em>Santiago Off<\/em> se sostienen en la <em>INSURGENCIA<\/em> como una pr\u00e1ctica de creaci\u00f3n, encuentro y circulaci\u00f3n para las artes esc\u00e9nicas: una irrupci\u00f3n creativa de nuevas voces, cuerpos y lenguajes que disputan sentidos en el presente. En un contexto de precariedad para la cultura independiente, este Festival reafirma las artes esc\u00e9nicas como un espacio activo de pensamiento, encuentro y disidencia; construido desde el territorio junto a artistas, p\u00fablicos y comunidades.<\/p>\n\n\n\n<p>La inauguraci\u00f3n se realizar\u00e1 el jueves 22 de enero a las 19:00 horas en la <em>Plaza de la Cultura del Centro Cultural Estaci\u00f3n Mapocho<\/em>, con una experiencia \u00fanica en la que confluir\u00e1n, de manera simult\u00e1nea, el concierto de la banda chilena <em>Metalengua<\/em>, la presentaci\u00f3n de la cantautora colombiana <em>La Muchacha<\/em> y la acci\u00f3n perform\u00e1tica<em> Hoguera<\/em>, de la compa\u00f1\u00eda <em>La Patri\u00f3tico Interesante.<\/em><\/p>\n\n\n\n<p>En la programaci\u00f3n internacional, uno de los espect\u00e1culos m\u00e1s destacados ser\u00e1 <em>AYOUB<\/em>, de la performer argentino-espa\u00f1ola <strong>Marina Otero<\/strong>, que se presentar\u00e1 por primera vez en Chile este 23 y 24 de enero en la <em>Sala de las Artes del Centro Cultural Estaci\u00f3n Mapocho<\/em>. Concebida como una conferencia perform\u00e1tica, la obra aborda de manera directa y conmovedora temas como el amor, la migraci\u00f3n, la identidad y el genocidio en Gaza, proponiendo un encuentro \u00edntimo y pol\u00edtico que enlaza biograf\u00edas personales con los grandes conflictos globales de la actualidad.<\/p>\n\n\n\n<p>En el \u00e1mbito nacional, la programaci\u00f3n incluir\u00e1 diversas propuestas locales, entre ellas la obra <em>Pasta Base<\/em>, de la compa\u00f1\u00eda <em>Teatro del Amor<\/em>, que se presentar\u00e1 el 27 y 28 de enero a las 20:30 horas en el <em>Teatro del Puente<\/em>. Se trata de un mon\u00f3logo dirigido por <strong>Nicol\u00e1s Bascu\u00f1\u00e1n<\/strong> y protagonizado por <strong>Felipe Zepeda<\/strong>, que explora la pesadilla cotidiana de un consumidor de pasta base en Chile.<\/p>\n\n\n\n<p>Como cada a\u00f1o, el Festival contar\u00e1 con actividades gratuitas abiertas a la comunidad, junto con una nueva versi\u00f3n de la <em>Escuela Off<\/em>, su espacio de formaci\u00f3n art\u00edstica. Todas las actividades ser\u00e1n gratuitas y para todo p\u00fablico, con inscripciones que se abrir\u00e1n a inicios de enero.<\/p>\n\n\n\n<p>Durante diez d\u00edas, el p\u00fablico podr\u00e1 sumarse a una cartelera que cruza generaciones, territorios y lenguajes, celebrando los 15 a\u00f1os de un festival que se ha consolidado como un punto de encuentro cercano, vibrante y aut\u00e9ntico, hecho desde el territorio y pensado para las personas.<\/p>\n\n\n\n<p>La programaci\u00f3n completa ya est\u00e1 disponible en<a href=\"http:\/\/www.santiagooff.com\">www.santiagooff.com<\/a> y las entradas pueden adquirirse a trav\u00e9s de<a href=\"http:\/\/www.ticketplus.cl\">www.ticketplus.cl<\/a>.<\/p>\n\n\n<div class=\"wp-block-post-author\"><div class=\"wp-block-post-author__avatar\"><img alt='' src='https:\/\/secure.gravatar.com\/avatar\/ad94a3ef18d9349eb609bc559714de29fc3847b1d0d588cad3acb7f99cef63c3?s=48&#038;d=mm&#038;r=g' srcset='https:\/\/secure.gravatar.com\/avatar\/ad94a3ef18d9349eb609bc559714de29fc3847b1d0d588cad3acb7f99cef63c3?s=96&#038;d=mm&#038;r=g 2x' class='avatar avatar-48 photo' height='48' width='48' \/><\/div><div class=\"wp-block-post-author__content\"><p class=\"wp-block-post-author__name\">Guillermo Pallac\u00e1n<\/p><\/div><\/div>\n\n\n\n\n<p><\/p>\n<\/div>","protected":false},"excerpt":{"rendered":"<p>El Festival Internacional Santiago Off celebrar\u00e1 su 15\u00ba aniversario entre el 22 y el 31 de enero, con m\u00e1s de 50 espect\u00e1culos a precios accesibles, funciones gratuitas y una nueva edici\u00f3n de la Escuela Off, su espacio de formaci\u00f3n art\u00edstica. La fiesta de las artes esc\u00e9nicas independientes cumple 15 a\u00f1os y acompa\u00f1ar\u00e1 la energ\u00eda de [&hellip;]<\/p>\n","protected":false},"author":2,"featured_media":4074,"comment_status":"closed","ping_status":"closed","sticky":false,"template":"","format":"standard","meta":{"pagelayer_contact_templates":[],"_pagelayer_content":"","footnotes":""},"categories":[26,19,1],"tags":[28,47,45,46],"class_list":["post-4291","post","type-post","status-publish","format-standard","has-post-thumbnail","hentry","category-biblioteca","category-noticias","category-uncategorized","tag-satch-cl","tag-danza","tag-performance","tag-vicente-ruiz"],"_links":{"self":[{"href":"https:\/\/devnow.cl\/satch\/wp-json\/wp\/v2\/posts\/4291","targetHints":{"allow":["GET"]}}],"collection":[{"href":"https:\/\/devnow.cl\/satch\/wp-json\/wp\/v2\/posts"}],"about":[{"href":"https:\/\/devnow.cl\/satch\/wp-json\/wp\/v2\/types\/post"}],"author":[{"embeddable":true,"href":"https:\/\/devnow.cl\/satch\/wp-json\/wp\/v2\/users\/2"}],"replies":[{"embeddable":true,"href":"https:\/\/devnow.cl\/satch\/wp-json\/wp\/v2\/comments?post=4291"}],"version-history":[{"count":1,"href":"https:\/\/devnow.cl\/satch\/wp-json\/wp\/v2\/posts\/4291\/revisions"}],"predecessor-version":[{"id":4301,"href":"https:\/\/devnow.cl\/satch\/wp-json\/wp\/v2\/posts\/4291\/revisions\/4301"}],"wp:featuredmedia":[{"embeddable":true,"href":"https:\/\/devnow.cl\/satch\/wp-json\/wp\/v2\/media\/4074"}],"wp:attachment":[{"href":"https:\/\/devnow.cl\/satch\/wp-json\/wp\/v2\/media?parent=4291"}],"wp:term":[{"taxonomy":"category","embeddable":true,"href":"https:\/\/devnow.cl\/satch\/wp-json\/wp\/v2\/categories?post=4291"},{"taxonomy":"post_tag","embeddable":true,"href":"https:\/\/devnow.cl\/satch\/wp-json\/wp\/v2\/tags?post=4291"}],"curies":[{"name":"wp","href":"https:\/\/api.w.org\/{rel}","templated":true}]}}