{"id":610,"date":"2019-01-19T13:00:52","date_gmt":"2019-01-19T13:00:52","guid":{"rendered":"https:\/\/satch.cl\/?p=610"},"modified":"2019-01-19T13:00:52","modified_gmt":"2019-01-19T13:00:52","slug":"hay-memoria","status":"publish","type":"post","link":"https:\/\/devnow.cl\/satch\/2019\/01\/19\/hay-memoria\/","title":{"rendered":"HAY MEMORIA"},"content":{"rendered":"<div class=\"initial-letter\">\n<p>La obra <strong>SER HUMANA, <\/strong>de la compa\u00f1\u00eda <strong><em>Teatro Internacional<\/em><\/strong>, de Uruguay; recurre a la exposici\u00f3n directa para expresar una serie de ideas acerca de la memoria para dejar que el pasado se manifieste.<\/p>\n\n\n\n<figure class=\"wp-block-embed-youtube wp-block-embed is-type-video is-provider-youtube wp-embed-aspect-16-9 wp-has-aspect-ratio\"><div class=\"wp-block-embed__wrapper\">\n<iframe loading=\"lazy\" title=\"\u201cSER HUMANA\u201c Pieza teatral inspirada en la vida y obra de Sabina Spielrein\" width=\"640\" height=\"360\" src=\"https:\/\/www.youtube.com\/embed\/FWZT7UIUUPI?feature=oembed&#038;enablejsapi=1\" frameborder=\"0\" allow=\"accelerometer; autoplay; clipboard-write; encrypted-media; gyroscope; picture-in-picture; web-share\" referrerpolicy=\"strict-origin-when-cross-origin\" allowfullscreen><\/iframe>\n<\/div><\/figure>\n\n\n\n<ul class=\"wp-block-gallery columns-0 is-cropped wp-block-gallery-1 is-layout-flex wp-block-gallery-is-layout-flex\"><\/ul>\n\n\n\n<p>Pero este recordar es para hacerse las preguntas fundamentales,\ntales como: \u00bfC\u00f3mo saber que somos humanos? \u00bfQu\u00e9 nos identifica como tales? \u00bfQu\u00e9\nsentimientos est\u00e1n involucrados? Estas son algunos leit motiv con el cu\u00e1l se\nplantea en escena la actriz <strong>Angie O\u00f1a. <\/strong>Que\ntambi\u00e9n escribi\u00f3 la pieza.<\/p>\n\n\n\n<p>La obra rinde homenaje a la mujer que motivo e impuls\u00f3\nestudios del m\u00e9dico siquiatra Carl Gustav Jung, <strong>Sabina Spielrein<\/strong>; que conoci\u00f3 al m\u00e9dico primero como paciente,\nluego como alumna, amiga, hasta transformarse en amante; terminando como\ncolaboradora y colega de Jung. El intercambio de dichas investigaciones dio origen\na la escuela de sicolog\u00eda anal\u00edtica. <\/p>\n\n\n\n<p>Ella, a trav\u00e9s de la correspondencia que mantuvo con\nel ensayista suizo, plantea una serie de teor\u00edas que posteriormente se\ndesarrollan in extenso. Influyendo tambi\u00e9n en Sigmund Freud.<\/p>\n\n\n\n<p>Uno de los m\u00e1s sorprendentes descubrimientos es\nidentificar que toda la informaci\u00f3n de la enfermedad, est\u00e1 en el propio\ndesequilibrio de los pacientes. Y desde ese lugar, iniciar el tratamiento para\ncurar la patolog\u00eda. <\/p>\n\n\n\n<p>Por momentos la obra contiene muchas capas de\ninformaci\u00f3n, que en instantes se transforma en una charla de siquiatr\u00eda\nanal\u00edtica; porque el arco dram\u00e1tico al sostenerse en verdades cient\u00edficas,\nesconde al personaje y hace aparecer manifiestos m\u00e9dicos y cient\u00edficos, en\ndesmedro de la entrega total y convencida de la actriz <strong>Angie O\u00f1a.<\/strong><\/p>\n\n\n\n<p>Un acierto del Festival Internacional Santiago OFF al poner en la escena nacional, propuestas teatrales que abordan tem\u00e1ticas de ideas que transformaron el entendimiento del ser humano y sus relaciones.\u00a0\u00a0\u00a0 \u00a0\u00a0<\/p>\n\n\n\n<figure class=\"wp-block-image is-resized\"><img loading=\"lazy\" decoding=\"async\" src=\"https:\/\/devnow.cl\/satch\/wp-content\/uploads\/2018\/05\/e0fb3055e5688b4d7e2c3b3fe0e1a09e.jpeg\" alt=\"\" class=\"wp-image-300\" width=\"80\" height=\"80\"\/><figcaption><em>Guillermo Pallac\u00e1n. Editor<\/em><\/figcaption><\/figure>\n<\/div>","protected":false},"excerpt":{"rendered":"<p>La obra SER HUMANA, de la compa\u00f1\u00eda Teatro Internacional, de Uruguay; recurre a la exposici\u00f3n directa para expresar una serie de ideas acerca de la memoria para dejar que el pasado se manifieste. Pero este recordar es para hacerse las preguntas fundamentales, tales como: \u00bfC\u00f3mo saber que somos humanos? \u00bfQu\u00e9 nos identifica como tales? \u00bfQu\u00e9 [&hellip;]<\/p>\n","protected":false},"author":1,"featured_media":614,"comment_status":"closed","ping_status":"open","sticky":false,"template":"","format":"standard","meta":{"pagelayer_contact_templates":[],"_pagelayer_content":"","footnotes":""},"categories":[26,20],"tags":[],"class_list":["post-610","post","type-post","status-publish","format-standard","has-post-thumbnail","hentry","category-biblioteca","category-criticas"],"_links":{"self":[{"href":"https:\/\/devnow.cl\/satch\/wp-json\/wp\/v2\/posts\/610","targetHints":{"allow":["GET"]}}],"collection":[{"href":"https:\/\/devnow.cl\/satch\/wp-json\/wp\/v2\/posts"}],"about":[{"href":"https:\/\/devnow.cl\/satch\/wp-json\/wp\/v2\/types\/post"}],"author":[{"embeddable":true,"href":"https:\/\/devnow.cl\/satch\/wp-json\/wp\/v2\/users\/1"}],"replies":[{"embeddable":true,"href":"https:\/\/devnow.cl\/satch\/wp-json\/wp\/v2\/comments?post=610"}],"version-history":[{"count":0,"href":"https:\/\/devnow.cl\/satch\/wp-json\/wp\/v2\/posts\/610\/revisions"}],"wp:featuredmedia":[{"embeddable":true,"href":"https:\/\/devnow.cl\/satch\/wp-json\/wp\/v2\/media\/614"}],"wp:attachment":[{"href":"https:\/\/devnow.cl\/satch\/wp-json\/wp\/v2\/media?parent=610"}],"wp:term":[{"taxonomy":"category","embeddable":true,"href":"https:\/\/devnow.cl\/satch\/wp-json\/wp\/v2\/categories?post=610"},{"taxonomy":"post_tag","embeddable":true,"href":"https:\/\/devnow.cl\/satch\/wp-json\/wp\/v2\/tags?post=610"}],"curies":[{"name":"wp","href":"https:\/\/api.w.org\/{rel}","templated":true}]}}