{"id":795,"date":"2019-12-05T17:01:22","date_gmt":"2019-12-05T17:01:22","guid":{"rendered":"https:\/\/satch.cl\/?p=795"},"modified":"2019-12-05T17:01:22","modified_gmt":"2019-12-05T17:01:22","slug":"el-paisaje-como-violencia-cotidiana","status":"publish","type":"post","link":"https:\/\/devnow.cl\/satch\/2019\/12\/05\/el-paisaje-como-violencia-cotidiana\/","title":{"rendered":"EL PAISAJE COMO VIOLENCIA COTIDIANA"},"content":{"rendered":"<div class=\"initial-letter\">\n<p>La obra \u201cPaisajes Para No Colorear\u201d, creaci\u00f3n colectiva con apoyo dramat\u00fargico de Anita Fuentes y Francisca Ortiz; ha estado en cartelera dos semanas en el mes de Noviembre con lleno total en uno de los teatros m\u00e1s importantes de Barcelona, el Teatro Lliure.<br>Impacta ver la fuerza de las nueve actrices adolescentes en escena, una energ\u00eda que muchas veces se desborda y desborda con ella al p\u00fablico. Hay una experiencia genuina en estas j\u00f3venes int\u00e9rpretes que traspasan al espectador, resuenan en el cuerpo y la mente de quienes las observa.<\/p>\n\n\n\n<figure class=\"wp-block-embed-youtube wp-block-embed is-type-video is-provider-youtube wp-embed-aspect-16-9 wp-has-aspect-ratio\"><div class=\"wp-block-embed__wrapper\">\nhttps:\/\/youtu.be\/2tUTao1oQAM\n<\/div><\/figure>\n\n\n\n<p><br>En la sala hab\u00eda una respiraci\u00f3n diferente a la habitual, sab\u00edamos que est\u00e1bamos viendo algo extraordinario, algo poco frecuente. Unas j\u00f3venes adolescentes estaban objetando nuestros valores, nuestras reglas, nuestras convenciones; en definitiva, las estructuras en la que vivimos y nos relacionamos los unos con los otros, lo que nuestra generaci\u00f3n adulta ha permitido, lo que no hemos dicho ni denunciado estaba all\u00ed, expuesta en carne y hueso como en un grito en sus j\u00f3venes voces. Lo hermoso es que el p\u00fablico ha resonado con ellas y la prueba est\u00e1 que junto al aplauso, los espectadores han entrado en una catarsis como si las palmas aliviaran la emoci\u00f3n contenida durante toda la obra, la gente las ovacionaba, otras gritaban bravo y hay muchas que lloraron y se quedaron en sus asientos hasta que el teatro fue quedando vac\u00edo.<br>As\u00ed que aprovechamos la estad\u00eda de la compa\u00f1\u00eda aqu\u00ed en Espa\u00f1a, y fuimos a hablar con el director Marco Layera y la actriz Daniela L\u00f3pez. Esto es parte de lo que conversamos:<br><b><i>Hemos visto en el escenario una energ\u00eda juvenil rebelde, con una voz muy cr\u00edtica al sistema pol\u00edtico chileno. \u00bfEs una sello de la obra?<\/i><\/b><\/p>\n\n\n\n<p>En general todos los trabajos de la compa\u00f1\u00eda tienen ese sello, esa energ\u00eda, esa fuerza en el escenario, porque los actores no solo son actores, sino tambi\u00e9n autores, entonces se empoderan de lo que dicen, porque lo dicen desde una voz colectiva, no es una voz impuesta. Nuestro teatro es un teatro desenfadado e indignado que requiere de esa energ\u00eda.<\/p>\n\n\n\n<p><b><i>\u00bfC\u00f3mo se logra traspasar esa impronta a este elenco tan joven?  <\/i><\/b><\/p>\n\n\n\n<p>Porque el espacio de creaci\u00f3n y la investigaci\u00f3n en campo que hicimos nosotros con las adolescentes, fue crear un espacio de libertad que no estuviera sometido a ninguna autoridad, donde ellas se sintieran muy libres de decir lo que quisieran, eso lo remarcamos mucho. Y tambi\u00e9n nuestro objetivo era que ellas pudieran entender el soporte art\u00edstico y que el teatro les permit\u00eda expresarse ideol\u00f3gica y socialmente. As\u00ed se logr\u00f3 un proceso muy natural y org\u00e1nico.<\/p>\n\n\n\n<p><b><i>\u00bfLas chicas hab\u00edan hecho teatro antes?<\/i><\/b><\/p>\n\n\n\n<p>Algunas s\u00ed, otras nunca.<\/p>\n\n\n\n<p><i><b>\u00bfY c\u00f3mo las eligieron?<\/b><\/i><\/p>\n\n\n\n<p>Estuvimos un a\u00f1o con distintos encuentros y talleres en diferentes lugares de Santiago, despu\u00e9s se hizo una audici\u00f3n abierta en el Centro Cultural Gabriela Mistral (GAM) donde quedaron ciento cuarenta chiquillas, de ah\u00ed elegimos a veinticinco y luego tuvimos un taller concentrado de un mes, tres veces a la semana y despu\u00e9s elegimos a nueve. Y el proceso de selecci\u00f3n tiene que ver con la particularidad de cada una. Ten\u00edamos tres l\u00edneas que nos interesaban trabajar en la audici\u00f3n.<br>\nLa capacidad de opini\u00f3n, los recursos expresivos, o sea talentos y  por \u00faltimo, que fuera diferente a las dem\u00e1s. Quiere decir la particularidad de cada una. Esas tres l\u00edneas se fueron uniendo.<\/p>\n\n\n\n<p><b><i>Cuando vemos la obra, nos preguntamos, \u00bfel teatro chileno en general tiene un compromiso social?  Y \u00bfc\u00f3mo es la realidad del teatro en tu pa\u00eds hoy?<\/i><\/b><\/p>\n\n\n\n<p>Primero hay que entender que tenemos una tradici\u00f3n de un teatro muy pol\u00edtico y venimos de la dictadura. Cuando recuperamos la democracia comienza haber un vac\u00edo, porque el enemigo ya se fue, ahora el enemigo es invisible. Tambi\u00e9n hay un vac\u00edo creativo que empieza abrir otro tipo de contenidos, ah\u00ed hubo un statu quo. Nosotros cuando comenzamos con la compa\u00f1\u00eda en el 2007 \u00f3 2008 era poco el teatro pol\u00edtico comprometido. Sol\u00edan hacer Ibsen, Strindberg. El teatro m\u00e1s pol\u00edtico era de Jean Janet, Sarah Kane. Pero exist\u00edan peque\u00f1os grupos. Nosotros comenzamos hacer un teatro generacional, con implicancia pol\u00edtica y tambi\u00e9n territorial, de contingencia, de nuestra memoria, de nuestro presente y hablar de las contradicciones de nuestra sociedad.<\/p>\n\n\n\n<p>Creo que el teatro actual, el de los j\u00f3venes, est\u00e1 ligado a la contingencia nacional, a la reivindicaci\u00f3n de derechos, reflexionar sobre la memoria, el pa\u00eds, la historia, sobre las contradicciones, o sea es pol\u00edtico. Ahora podemos hablar si es elevado o no art\u00edsticamente. Yo hablo de los contenidos, que son muchos. La mayor\u00eda de las compa\u00f1\u00edas j\u00f3venes est\u00e1n en eso. Los mismos que hacen teatro est\u00e1n hoy en las calles.<\/p>\n\n\n\n<p>Yo lo miro con optimismo. Me interesa que se reflexione sobre la realidad del pa\u00eds, las contradicciones. Me interesa que la gente se junte y formen colectivos, que haga comunidad. Pero por otro lado existe una precarizaci\u00f3n absoluta en el quehacer  teatral. Afuera me preguntan, \u00bft\u00fa tienes un teatro en Chile? A m\u00ed no me pasan espacios para ensayar. Yo soy un privilegiado dentro de todo, porque he viajado mucho, pero igual tengo que buscar galpones abandonados para ensayar. Este trabajo es el \u00fanico que hemos podido trabajar bien porque El GAM nos apoy\u00f3, necesit\u00e1bamos una institucionalidad detr\u00e1s del proyecto para enfrentarnos a los padres, y ah\u00ed pudimos trabajar en condiciones privilegiadas, pero en general vivimos en un pa\u00eds que la cultura no importa, vivimos en una precarizaci\u00f3n constante. Hacer teatro en Chile hoy es un acto de generosidad, de valent\u00eda.<\/p>\n\n\n\n<p><strong><em>Cuando comenzaron como compa\u00f1\u00eda, pensaron que iba a pasar lo que est\u00e1 ocurriendo en Chile hoy?<\/em><\/strong><\/p>\n\n\n\n<p>Nosotros comenzamos por el a\u00f1o 2007 \u00f3 2008, la \u00e9poca que exist\u00eda un statu quo que dur\u00f3 diecis\u00e9is a\u00f1os m\u00e1s o menos, donde no exist\u00edan las movilizaciones sociales, no exist\u00edan el sentido de comunidad, de reivindicar, porque hab\u00eda una fe, una esperanza, en aquellos que recuperaron la democracia que esto iba cambiar, ninguno en aquella \u00e9poca se atrev\u00eda a apuntar con el dedo a la izquierda y decirles, lo que est\u00e1n haciendo ustedes es administrar el sistema que dej\u00f3 Pinochet, porque ello eran vistos como h\u00e9roes, tambi\u00e9n hab\u00eda sufrido para recuperar la democracia.<\/p>\n\n\n\n<p>Nuestra compa\u00f1\u00eda fue la que comenz\u00f3 a apuntar con el dedo las contradicciones de la izquierda oficialista, que se aburgues\u00f3, que nos traicion\u00f3, porque la alegr\u00eda nunca lleg\u00f3. Pero no fue mi generaci\u00f3n la que comenz\u00f3 con las movilizaciones sociales, comenz\u00f3 el a\u00f1o 2006, con el movimiento ping\u00fcino que ped\u00eda educaci\u00f3n gratuita y de calidad, despu\u00e9s se profundiz\u00f3 el 2011 y ahora el 2019 son nuevamente los estudiantes los que evaden el metro, los que saltan el torniquete y explota esta ebullici\u00f3n social que estaba contenida.  <\/p>\n\n\n\n<p>Nuestras obras siempre ha tenido un universo de izquierda, tienen las marchas, reivindicaciones, siempre hablamos de la violencia pol\u00edtica. He incluso nuestro trabajo anterior, la dictadura de lo cool, la obra termina con una revuelta con un incendio, con saqueo, pero va mucho m\u00e1s all\u00e1, donde se meten a este teatro burgu\u00e9s donde estamos haciendo una obra y matan a todos los actores. Era muy fuerte, muy violento, muy realista. Fuimos acusados de nihilista, de anarquista, de pregonar la violencia y eso que era el 2006, porque nosotros siempre decimos que la revoluci\u00f3n trae muerte, no es tan f\u00e1cil hacer la revoluci\u00f3n. La revoluci\u00f3n no es tener 4G o un jean Levis hecho de material org\u00e1nico. Entendemos la revoluci\u00f3n y nos preguntamos, si llega la revoluci\u00f3n \u00bfva a venir por nosotros? Somos privilegiados, \u00bfpero estamos dispuestos a ceder nuestros privilegios? Porque para que esto cambie tenemos que ceder privilegios, pero el tema es que nadie quiere ceder ni un cent\u00edmetro.<\/p>\n\n\n\n<p><em><strong>\u00bfTe ha sorprendido algo en el proceso o en el trabajo?<\/strong><\/em><\/p>\n\n\n\n<p>S\u00ed, que los temas que les interesaban conversar a las chicas, eran cosas que estaban en la agenda pol\u00edtica y p\u00fablica, eso fue una gran bofetada. A ellas le interesaban los temas de adultos y me impresion\u00f3 el acceso a la informaci\u00f3n que tienen, es brutal y tambi\u00e9n lo empoderadas que est\u00e1n y su visi\u00f3n de la vida. Tambi\u00e9n me impresion\u00f3 la vulnerabilidad a las que estaban expuestas, los distintos tipos de violencia que eran v\u00edctimas.  Lo otro que me ha impactado es el profesionalismo con que se lo toman, m\u00e1s profesionales que los profesionales, porque lo que est\u00e1n haciendo es algo donde  se les va la vida.<br>\nLo bello de este trabajo, lo que me pode optimista, es que es un proceso transformador. Todos nos transformamos, como en ning\u00fan otro trabajo. El equipo se transform\u00f3, ellas, sus hogares y eso transforma al espectador.<\/p>\n\n\n\n<p>La actriz DANIELA L\u00d3PEZ nos entreg\u00f3 las siguientes respuestas a nuestras inquietudes al ver a actrices tan j\u00f3venes en escena:<\/p>\n\n\n\n<p><strong><em>\u00bfQu\u00e9 ha cambiado en ti esta experiencia?<\/em><\/strong><\/p>\n\n\n\n<p>Estar en la obra me ha cambiado demasiado, porque es un proyecto de creaci\u00f3n colectiva que nace desde el feminismo visto desde las adolescentes. Gracias a la obra, cada vez soy m\u00e1s feminista, me siento m\u00e1s empoderada para decir lo que me da rabia, lo que no me gusta, para decir basta. Aprend\u00ed lo hermoso que pude ser un proyecto teatral, humano, que puede ser la b\u00fasqueda de un cambio. Porque Paisajes no es solo una obra, sino que es una lucha que nosotros llevamos a cabo en el escenario constantemente y es lindo ser parte de este cambio.<\/p>\n\n\n\n<p>Nosotras tambi\u00e9n montamos esta obra, entonces he aprendido cosas en el \u00e1mbito teatral, a emocionarme cada vez que damos la funci\u00f3n, que no se pierda el sentido de la obra, que no se mecanicen los textos, volver al centro de vez en cuando y a recordar porqu\u00e9 nace esta obra y lo importante que es para nosotros y para el resto.<\/p>\n\n\n\n<p>Igual ha cambiado mi entorno, mi familia que hoy es m\u00e1s feminista,  se hablan m\u00e1s temas feministas en la mesa. Con mis amigas hablamos de temas sociales. A mis amigos les hago ver los micro machismos que est\u00e1n presentes en ellos y ellos tambi\u00e9n se han dado cuenta.<\/p>\n\n\n\n<p><em><strong>C\u00f3mo experimentas el Teatro desde el cuerpo femenino? \u00bfCrees t\u00fa que hay una diferencia?<\/strong><\/em><\/p>\n\n\n\n<p>No s\u00e9 si hay una diferencia entre experimentar el teatro desde el cuerpo femenino o masculino. No creo en el binarismo de hombres y mujeres, tu eres hombre o eres mujer, no necesariamente tus genitales van a definir la persona que tu eres y como te sientes, pero a m\u00ed me hace sentido experimentar el teatro desde un cuerpo femenino, porque la obra habla de que por ser vagina y ser menores de edad, hemos sido violentadas sistem\u00e1ticamente por la sociedad que nos rodea, entonces al elenco nos junta que tenemos vagina y lo que sufrimos, que es la violencia de g\u00e9nero. Y es dif\u00edcil como mujer amar tu cuerpo por la sociedad en la que estamos inmersas, que es tan consumista y que consume el cuerpo de la mujer y que vende, que el maquillaje, que la depilaci\u00f3n, entonces aceptar tu cuerpo y quererlo creo que me ha servido mucho el teatro, porque el teatro es movimiento, es vida.<\/p>\n\n\n\n<p><strong><em>\u00bfCrees tu que los j\u00f3venes chilenos tienen el mismo compromiso social que el vuestro?<\/em><\/strong><\/p>\n\n\n\n<p>Yo creo que s\u00ed. Todas las revoluciones de este siglo han sido llevadas a cabo por adolescentes y j\u00f3venes. La revoluci\u00f3n ping\u00fcina (2006), que era una revoluci\u00f3n de estudiantes, de escolares principalmente, que reclamaban por una educaci\u00f3n justa, una educaci\u00f3n de calidad, sin fines de lucro, revolucionaron todas las calles y fueron millones de estudiantes los que se manifestaron y eso mismo volvi\u00f3 a pasar el 2011. El 2018 estall\u00f3 tambi\u00e9n la revoluci\u00f3n feminista y en Chile muchas de las adolescente fueron parte de esas manifestaciones, de las marchas, muchas estudiantes de liceos reclamaron contra sus compa\u00f1eros que las cosificaban, que abusaban, o de los profesores. S\u00ed, yo creo que los adolescentes tienen el mismo compromiso que el elenco de Paisajes.<\/p>\n\n\n\n<figure class=\"wp-block-image is-resized\"><img loading=\"lazy\" decoding=\"async\" src=\"https:\/\/devnow.cl\/satch\/wp-content\/uploads\/2019\/11\/lucia-rojas.jpg\" alt=\"\" class=\"wp-image-790\" width=\"138\" height=\"138\" srcset=\"https:\/\/devnow.cl\/satch\/wp-content\/uploads\/2019\/11\/lucia-rojas.jpg 250w, https:\/\/devnow.cl\/satch\/wp-content\/uploads\/2019\/11\/lucia-rojas-150x150.jpg 150w\" sizes=\"auto, (max-width: 138px) 100vw, 138px\" \/><figcaption>Por Luc\u00eda Rojas. Dramaturga y Directora. Espa\u00f1a.<\/figcaption><\/figure>\n<\/div>","protected":false},"excerpt":{"rendered":"<p>La obra \u201cPaisajes Para No Colorear\u201d, creaci\u00f3n colectiva con apoyo dramat\u00fargico de Anita Fuentes y Francisca Ortiz; ha estado en cartelera dos semanas en el mes de Noviembre con lleno total en uno de los teatros m\u00e1s importantes de Barcelona, el Teatro Lliure.Impacta ver la fuerza de las nueve actrices adolescentes en escena, una energ\u00eda [&hellip;]<\/p>\n","protected":false},"author":1,"featured_media":796,"comment_status":"closed","ping_status":"open","sticky":false,"template":"","format":"standard","meta":{"pagelayer_contact_templates":[],"_pagelayer_content":"","footnotes":""},"categories":[26,21],"tags":[],"class_list":["post-795","post","type-post","status-publish","format-standard","has-post-thumbnail","hentry","category-biblioteca","category-entrevistas"],"_links":{"self":[{"href":"https:\/\/devnow.cl\/satch\/wp-json\/wp\/v2\/posts\/795","targetHints":{"allow":["GET"]}}],"collection":[{"href":"https:\/\/devnow.cl\/satch\/wp-json\/wp\/v2\/posts"}],"about":[{"href":"https:\/\/devnow.cl\/satch\/wp-json\/wp\/v2\/types\/post"}],"author":[{"embeddable":true,"href":"https:\/\/devnow.cl\/satch\/wp-json\/wp\/v2\/users\/1"}],"replies":[{"embeddable":true,"href":"https:\/\/devnow.cl\/satch\/wp-json\/wp\/v2\/comments?post=795"}],"version-history":[{"count":0,"href":"https:\/\/devnow.cl\/satch\/wp-json\/wp\/v2\/posts\/795\/revisions"}],"wp:featuredmedia":[{"embeddable":true,"href":"https:\/\/devnow.cl\/satch\/wp-json\/wp\/v2\/media\/796"}],"wp:attachment":[{"href":"https:\/\/devnow.cl\/satch\/wp-json\/wp\/v2\/media?parent=795"}],"wp:term":[{"taxonomy":"category","embeddable":true,"href":"https:\/\/devnow.cl\/satch\/wp-json\/wp\/v2\/categories?post=795"},{"taxonomy":"post_tag","embeddable":true,"href":"https:\/\/devnow.cl\/satch\/wp-json\/wp\/v2\/tags?post=795"}],"curies":[{"name":"wp","href":"https:\/\/api.w.org\/{rel}","templated":true}]}}